{"id":3982,"date":"2019-09-10T17:17:12","date_gmt":"2019-09-10T20:17:12","guid":{"rendered":"http:\/\/dgospel.com.br\/portal\/?p=3982"},"modified":"2019-09-10T17:17:13","modified_gmt":"2019-09-10T20:17:13","slug":"em-palmeiropolis-governador-carlesse-lanca-colegio-militar-e-garante-implantacao-de-mais-33-unidades-no-tocantins","status":"publish","type":"post","link":"https:\/\/dgospel.com.br\/portal\/index.php\/2019\/09\/10\/em-palmeiropolis-governador-carlesse-lanca-colegio-militar-e-garante-implantacao-de-mais-33-unidades-no-tocantins\/","title":{"rendered":"Em Palmeir\u00f3polis, governador Carlesse lan\u00e7a Col\u00e9gio Militar e garante implanta\u00e7\u00e3o de mais 33 unidades no Tocantins"},"content":{"rendered":"\n<p>O governador do Estado do Tocantins, Mauro Carlesse, lan\u00e7ou nesta segunda-feira, 9, o Col\u00e9gio Militar Unidade &#8211; Xll,&nbsp; na cidade de Palmeir\u00f3polis, no sul do Tocantins. A solenidade foi realizada na Escola Estadual Professora Maria Guedes, que ap\u00f3s a parceria entre a Secretaria de Estado da Educa\u00e7\u00e3o, Juventude e Esportes (Seduc) e a Pol\u00edcia Militar, incorporou a d\u00e9cima unidade escolar militar do Tocantins.<\/p>\n\n\n\n<p>Com a implanta\u00e7\u00e3o desse col\u00e9gio j\u00e1 s\u00e3o mais de oito mil estudantes matriculados nas unidades militares, ofertando ensino regular e cursos t\u00e9cnicos de acordo com a hierarquia, disciplina, civismo e patriotismo, inerentes \u00e0 forma\u00e7\u00e3o militar.<\/p>\n\n\n\n<p>\u201cA amplia\u00e7\u00e3o de oportunidades para os jovens tem sido um grande foco dessa gest\u00e3o, e essa parceria com a Pol\u00edcia Militar vai ajudar a desenvolver o aprendizado, j\u00e1 que os educadores poder\u00e3o focar apenas no aspecto pedag\u00f3gico&#8221;, frisou a secret\u00e1ria da Educa\u00e7\u00e3o, Juventude e Esportes, Adriana Aguiar.<\/p>\n\n\n\n<p>O governador Mauro Carlesse destacou que o Col\u00e9gio \u00e9 uma solicita\u00e7\u00e3o da comunidade que vai favorecer o crescimento da educa\u00e7\u00e3o no munic\u00edpio e que a meta \u00e9 implantar mais unidades. &#8220;J\u00e1 est\u00e1 em estudo \u00e0 implanta\u00e7\u00e3o de mais 33 col\u00e9gios militares. Eles associam a forma\u00e7\u00e3o com disciplina, \u00e9 isso que queremos e os nossos servidores est\u00e3o comprometidos com esse projeto educacional&#8221;, ressaltou.<\/p>\n\n\n\n<p>O prefeito de Palmeir\u00f3polis, F\u00e1bio Vaz, destacou o comprometimento do governador Mauro Carlesse com a regi\u00e3o sul do Estado e a import\u00e2ncia do Col\u00e9gio Militar. &#8220;\u00c9 uma honra para a nossa cidade receber essa unidade educacional, que certamente vai favorecer toda a regi\u00e3o. O governador Carlesse \u00e9 um pai para a regi\u00e3o sul do Estado, que ao longo dos anos sempre foi relevada pelo poder p\u00fablico Estadual&#8221;, revelou.<\/p>\n\n\n\n<p>O comandante-geral da PM, coronel Jaizon Veras, disse que a parceria entre a Secretaria da Educa\u00e7\u00e3o e a Pol\u00edcia Militar \u00e9 exitosa em diversos munic\u00edpios do Estado. \u201cPor meio dessa parceria est\u00e1 sendo poss\u00edvel ofertar um ensino de qualidade, aliado \u00e0 hierarquia e disciplina militar&#8221;, disse.<\/p>\n\n\n\n<p>O empres\u00e1rio Edson Reis, um dos entusiastas da implanta\u00e7\u00e3o do Col\u00e9gio Militar, agradeceu ao governador e destacou a agilidade como foi atendido o pleito. &#8220;Me surpreendeu a rapidez com esse pleito foi atendido e tenho certeza que essa unidade ser\u00e1 um marco para a cidade de Palmeir\u00f3polis&#8221;.<\/p>\n\n\n\n<p><strong>Hist\u00f3rico da Escola<\/strong><\/p>\n\n\n\n<p>A Escola Estadual Professora Maria Guedes foi criada em 1958, com o nome de Escola Municipal da Fazenda Itabaiana. No ano de 1976, esta unidade passou a se chamar Escola Estadual de 1\u00ba Grau de Palmeir\u00f3polis, unificando Gin\u00e1sio e Prim\u00e1rio, e se desligando definitivamente de Paran\u00e3.<\/p>\n\n\n\n<p>Em 1982, criou-se 2\u00ba Grau, hoje ensino m\u00e9dio, com o curso de T\u00e9cnico em Contabilidade. J\u00e1 na jurisdi\u00e7\u00e3o do Tocantins, a unidade passou a ser nominada como Col\u00e9gio Estadual de Palmeir\u00f3polis. Por fim, em julho de 2015, em homenagem a uma de suas primeiras educadoras, recebeu o nome de Escola Estadual Professora Maria Guedes.<\/p>\n\n\n\n<p>Hoje, a unidade escolar que passa a ser denominada como Col\u00e9gio Militar Unidade XII \u2013 Professora Maria Guedes, possui cerca de 490 alunos matriculados e 43 servidores.<\/p>\n\n\n\n<p><strong>Presen\u00e7as<\/strong><\/p>\n\n\n\n<p>A solenidade foi prestigiada pelos prefeitos da regi\u00e3o sul e sudeste do Estado, pelo deputado estadual e l\u00edder do governo na Assembleia Legislativa,&nbsp; Gleison Nato, e pela comunidade local.<\/p>\n","protected":false},"excerpt":{"rendered":"<p>O governador do Estado do Tocantins, Mauro Carlesse, lan\u00e7ou nesta segunda-feira, 9, o Col\u00e9gio Militar Unidade &#8211; Xll,&nbsp; na cidade de Palmeir\u00f3polis, no sul do Tocantins. A solenidade foi realizada na Escola Estadual Professora Maria Guedes, que ap\u00f3s a parceria entre a Secretaria de Estado da Educa\u00e7\u00e3o, Juventude e Esportes (Seduc) e a Pol\u00edcia Militar, [&hellip;]<\/p>\n","protected":false},"author":2,"featured_media":3983,"comment_status":"open","ping_status":"open","sticky":false,"template":"","format":"standard","meta":[],"categories":[3],"tags":[],"_links":{"self":[{"href":"https:\/\/dgospel.com.br\/portal\/index.php\/wp-json\/wp\/v2\/posts\/3982"}],"collection":[{"href":"https:\/\/dgospel.com.br\/portal\/index.php\/wp-json\/wp\/v2\/posts"}],"about":[{"href":"https:\/\/dgospel.com.br\/portal\/index.php\/wp-json\/wp\/v2\/types\/post"}],"author":[{"embeddable":true,"href":"https:\/\/dgospel.com.br\/portal\/index.php\/wp-json\/wp\/v2\/users\/2"}],"replies":[{"embeddable":true,"href":"https:\/\/dgospel.com.br\/portal\/index.php\/wp-json\/wp\/v2\/comments?post=3982"}],"version-history":[{"count":1,"href":"https:\/\/dgospel.com.br\/portal\/index.php\/wp-json\/wp\/v2\/posts\/3982\/revisions"}],"predecessor-version":[{"id":3984,"href":"https:\/\/dgospel.com.br\/portal\/index.php\/wp-json\/wp\/v2\/posts\/3982\/revisions\/3984"}],"wp:featuredmedia":[{"embeddable":true,"href":"https:\/\/dgospel.com.br\/portal\/index.php\/wp-json\/wp\/v2\/media\/3983"}],"wp:attachment":[{"href":"https:\/\/dgospel.com.br\/portal\/index.php\/wp-json\/wp\/v2\/media?parent=3982"}],"wp:term":[{"taxonomy":"category","embeddable":true,"href":"https:\/\/dgospel.com.br\/portal\/index.php\/wp-json\/wp\/v2\/categories?post=3982"},{"taxonomy":"post_tag","embeddable":true,"href":"https:\/\/dgospel.com.br\/portal\/index.php\/wp-json\/wp\/v2\/tags?post=3982"}],"curies":[{"name":"wp","href":"https:\/\/api.w.org\/{rel}","templated":true}]}}