{"id":3997,"date":"2019-09-10T18:33:07","date_gmt":"2019-09-10T21:33:07","guid":{"rendered":"http:\/\/dgospel.com.br\/portal\/?p=3997"},"modified":"2019-09-10T18:33:08","modified_gmt":"2019-09-10T21:33:08","slug":"prevencao-ao-suicidio-e-tema-de-palestra-na-assembleia","status":"publish","type":"post","link":"https:\/\/dgospel.com.br\/portal\/index.php\/2019\/09\/10\/prevencao-ao-suicidio-e-tema-de-palestra-na-assembleia\/","title":{"rendered":"Preven\u00e7\u00e3o ao suic\u00eddio \u00e9 tema de palestra na Assembleia"},"content":{"rendered":"\n<p>A Diretoria de Sa\u00fade (DISAU) da Assembleia Legislativa do Tocantins realizou na manh\u00e3 desta ter\u00e7a-feira, 10, na sala de aula da Escola do Legislativo, uma palestra denominada \u201cSuic\u00eddio: sinais de alerta e preven\u00e7\u00e3o\u201d. O evento faz parte da programa\u00e7\u00e3o de 10 de setembro, Dia Mundial de Combate ao Suic\u00eddio, e da campanha nacional do Setembro Amarelo.<br><\/p>\n\n\n\n<p>A psic\u00f3loga V\u00e2nia Lopes, que ministrou a palestra, alertou sobre o aumento do n\u00famero de casos no pa\u00eds. &#8220;O Brasil est\u00e1 entre os oito maiores pa\u00edses em n\u00fameros absolutos de suic\u00eddio&#8221;, acrescentando que as causas est\u00e3o relacionadas a alguns transtornos mentais como depress\u00e3o, ansiedade, bipolaridade e s\u00edndrome do p\u00e2nico.<\/p>\n\n\n\n<p>Para V\u00e2nia, em certo grau a sociedade evita falar do assunto. Segundo ela, a falta de informa\u00e7\u00e3o dificulta a identifica\u00e7\u00e3o de sinais nas pessoas com tend\u00eancias em tirar a pr\u00f3pria vida. Tamb\u00e9m o receio de falar sobre o problema impede a busca de ajuda, tanto de familiares quanto por profissionais.<\/p>\n\n\n\n<p>A esposa do presidente da Assembleia, Virg\u00ednia Andrade, participou da palestra e destacou a import\u00e2ncia de iniciativas que trazem&nbsp;um tema bastante sens\u00edvel para todos. &#8220;\u00c9 um trabalho bastante inovador principalmente hoje, em que o suic\u00eddio atinge principalmente os jovens. Esse encontro s\u00f3 vem a somar, sobretudo \u00e0s fam\u00edlias&#8221;, disse.<\/p>\n\n\n\n<p>Dados do Centro de Valoriza\u00e7\u00e3o da Vida apontam que, a cada dez pessoas que cometeram suic\u00eddio, oito deram algum sinal de que estavam prestes a comet\u00ea-lo. Portanto, a pessoa que manifesta essa vontade nunca deve ser ignorada.<\/p>\n\n\n\n<p>J\u00e1 a Organiza\u00e7\u00e3o Mundial de Sa\u00fade (OMC) informa que, todos os dias, 32 pessoas tiram a pr\u00f3pria vida. Hoje, o n\u00famero de pessoas que cometem suic\u00eddio \u00e9 maior do que aquelas que morrem por Aids, sendo o suic\u00eddio considerado um problema de sa\u00fade p\u00fablica.<\/p>\n\n\n\n<p>Setembro Amarelo<\/p>\n\n\n\n<p>Iniciada em 2014 pelo Centro de Valoriza\u00e7\u00e3o da Vida (CVV), a campanha de preven\u00e7\u00e3o ao suic\u00eddio tem como objetivo mobilizar o maior n\u00famero poss\u00edvel de pessoas para quebrar o tabu sobre o assunto.<\/p>\n\n\n\n<p>Dentre as a\u00e7\u00f5es comuns promovidas pela campanha est\u00e1 a realiza\u00e7\u00e3o de palestras, debates e atividades voltadas para a preven\u00e7\u00e3o, al\u00e9m da circula\u00e7\u00e3o de cartazes,&nbsp;<em>outdoors<\/em>&nbsp;e materiais de divulga\u00e7\u00e3o digital.&nbsp;<\/p>\n","protected":false},"excerpt":{"rendered":"<p>A Diretoria de Sa\u00fade (DISAU) da Assembleia Legislativa do Tocantins realizou na manh\u00e3 desta ter\u00e7a-feira, 10, na sala de aula da Escola do Legislativo, uma palestra denominada \u201cSuic\u00eddio: sinais de alerta e preven\u00e7\u00e3o\u201d. O evento faz parte da programa\u00e7\u00e3o de 10 de setembro, Dia Mundial de Combate ao Suic\u00eddio, e da campanha nacional do Setembro [&hellip;]<\/p>\n","protected":false},"author":2,"featured_media":3998,"comment_status":"open","ping_status":"open","sticky":false,"template":"","format":"standard","meta":[],"categories":[8],"tags":[],"_links":{"self":[{"href":"https:\/\/dgospel.com.br\/portal\/index.php\/wp-json\/wp\/v2\/posts\/3997"}],"collection":[{"href":"https:\/\/dgospel.com.br\/portal\/index.php\/wp-json\/wp\/v2\/posts"}],"about":[{"href":"https:\/\/dgospel.com.br\/portal\/index.php\/wp-json\/wp\/v2\/types\/post"}],"author":[{"embeddable":true,"href":"https:\/\/dgospel.com.br\/portal\/index.php\/wp-json\/wp\/v2\/users\/2"}],"replies":[{"embeddable":true,"href":"https:\/\/dgospel.com.br\/portal\/index.php\/wp-json\/wp\/v2\/comments?post=3997"}],"version-history":[{"count":1,"href":"https:\/\/dgospel.com.br\/portal\/index.php\/wp-json\/wp\/v2\/posts\/3997\/revisions"}],"predecessor-version":[{"id":3999,"href":"https:\/\/dgospel.com.br\/portal\/index.php\/wp-json\/wp\/v2\/posts\/3997\/revisions\/3999"}],"wp:featuredmedia":[{"embeddable":true,"href":"https:\/\/dgospel.com.br\/portal\/index.php\/wp-json\/wp\/v2\/media\/3998"}],"wp:attachment":[{"href":"https:\/\/dgospel.com.br\/portal\/index.php\/wp-json\/wp\/v2\/media?parent=3997"}],"wp:term":[{"taxonomy":"category","embeddable":true,"href":"https:\/\/dgospel.com.br\/portal\/index.php\/wp-json\/wp\/v2\/categories?post=3997"},{"taxonomy":"post_tag","embeddable":true,"href":"https:\/\/dgospel.com.br\/portal\/index.php\/wp-json\/wp\/v2\/tags?post=3997"}],"curies":[{"name":"wp","href":"https:\/\/api.w.org\/{rel}","templated":true}]}}