{"id":4006,"date":"2019-09-16T16:47:16","date_gmt":"2019-09-16T19:47:16","guid":{"rendered":"http:\/\/dgospel.com.br\/portal\/?p=4006"},"modified":"2019-09-16T16:47:18","modified_gmt":"2019-09-16T19:47:18","slug":"oab-piaui-realiza-ii-seminario-de-liberdade-religiosa","status":"publish","type":"post","link":"https:\/\/dgospel.com.br\/portal\/index.php\/2019\/09\/16\/oab-piaui-realiza-ii-seminario-de-liberdade-religiosa\/","title":{"rendered":"OAB Piau\u00ed realiza II Semin\u00e1rio de Liberdade Religiosa"},"content":{"rendered":"\n<p>A Ordem dos Advogados do Brasil &#8211; Seccional Piau\u00ed realizar\u00e1 o II Semin\u00e1rio de Liberdade Religiosa no dia 04 de outubro, no Audit\u00f3rio Escola Superior de Advocacia do Piau\u00ed (ESA Piau\u00ed). No evento, ser\u00e1 apresentado o livro &#8220;O Sobrenatural na Advocacia &#8211; O C\u00f3digo de \u00c9tica e Disciplina da OAB Sob Nova Perspectiva&#8221;, de Alexandre Ramos; e lan\u00e7ado o livro &#8220;Direito Religioso: Quest\u00f5es pr\u00e1ticas e te\u00f3ricas&#8221;, de Jean Marques Regina.<\/p>\n\n\n\n<p>As palestras estar\u00e3o sob a responsabilidade dos doutores Alexandre de Almeida Ramos &#8220;O Sobrenatural na Advocacia&#8221;; Valmir Nascimento Milomem Santos &#8220;O abuso do poder religioso das Igrejas&#8221;; e Jean Marques Regina &#8220;Imunidade Tribut\u00e1ria das Igrejas&#8221;.<\/p>\n\n\n\n<p>A entrada ser\u00e1 1 kg de alimento ou leite.<\/p>\n\n\n\n<p>Inscri\u00e7\u00f5es pelo site:&nbsp;<a href=\"http:\/\/oabpi.org.br\/portaldoaluno\/login.php\">www.oabpi.org.br\/portaldoaluno<\/a><\/p>\n\n\n\n<p><strong>Com informa\u00e7\u00f5es OAB Piau\u00ed<\/strong>\u00a0| <\/p>\n","protected":false},"excerpt":{"rendered":"<p>A Ordem dos Advogados do Brasil &#8211; Seccional Piau\u00ed realizar\u00e1 o II Semin\u00e1rio de Liberdade Religiosa no dia 04 de outubro, no Audit\u00f3rio Escola Superior de Advocacia do Piau\u00ed (ESA Piau\u00ed). No evento, ser\u00e1 apresentado o livro &#8220;O Sobrenatural na Advocacia &#8211; O C\u00f3digo de \u00c9tica e Disciplina da OAB Sob Nova Perspectiva&#8221;, de Alexandre [&hellip;]<\/p>\n","protected":false},"author":2,"featured_media":4007,"comment_status":"open","ping_status":"open","sticky":false,"template":"","format":"standard","meta":[],"categories":[5,6],"tags":[],"_links":{"self":[{"href":"https:\/\/dgospel.com.br\/portal\/index.php\/wp-json\/wp\/v2\/posts\/4006"}],"collection":[{"href":"https:\/\/dgospel.com.br\/portal\/index.php\/wp-json\/wp\/v2\/posts"}],"about":[{"href":"https:\/\/dgospel.com.br\/portal\/index.php\/wp-json\/wp\/v2\/types\/post"}],"author":[{"embeddable":true,"href":"https:\/\/dgospel.com.br\/portal\/index.php\/wp-json\/wp\/v2\/users\/2"}],"replies":[{"embeddable":true,"href":"https:\/\/dgospel.com.br\/portal\/index.php\/wp-json\/wp\/v2\/comments?post=4006"}],"version-history":[{"count":1,"href":"https:\/\/dgospel.com.br\/portal\/index.php\/wp-json\/wp\/v2\/posts\/4006\/revisions"}],"predecessor-version":[{"id":4008,"href":"https:\/\/dgospel.com.br\/portal\/index.php\/wp-json\/wp\/v2\/posts\/4006\/revisions\/4008"}],"wp:featuredmedia":[{"embeddable":true,"href":"https:\/\/dgospel.com.br\/portal\/index.php\/wp-json\/wp\/v2\/media\/4007"}],"wp:attachment":[{"href":"https:\/\/dgospel.com.br\/portal\/index.php\/wp-json\/wp\/v2\/media?parent=4006"}],"wp:term":[{"taxonomy":"category","embeddable":true,"href":"https:\/\/dgospel.com.br\/portal\/index.php\/wp-json\/wp\/v2\/categories?post=4006"},{"taxonomy":"post_tag","embeddable":true,"href":"https:\/\/dgospel.com.br\/portal\/index.php\/wp-json\/wp\/v2\/tags?post=4006"}],"curies":[{"name":"wp","href":"https:\/\/api.w.org\/{rel}","templated":true}]}}