{"id":4009,"date":"2019-09-17T09:43:23","date_gmt":"2019-09-17T12:43:23","guid":{"rendered":"http:\/\/dgospel.com.br\/portal\/?p=4009"},"modified":"2019-09-17T09:43:25","modified_gmt":"2019-09-17T12:43:25","slug":"procon-realiza-a-semana-de-renegociacao-de-dividas-em-palmas","status":"publish","type":"post","link":"https:\/\/dgospel.com.br\/portal\/index.php\/2019\/09\/17\/procon-realiza-a-semana-de-renegociacao-de-dividas-em-palmas\/","title":{"rendered":"Procon realiza a Semana de Renegocia\u00e7\u00e3o de D\u00edvidas em Palmas"},"content":{"rendered":"\n<p>O Procon realiza na pr\u00f3xima semana, de 23 a 27, em Palmas, a I Semana de Renegocia\u00e7\u00e3o de D\u00edvidas. A a\u00e7\u00e3o faz parte da comemora\u00e7\u00e3o do anivers\u00e1rio do C\u00f3digo de Defesa do Consumidor (CDC), celebrado no dia \u00faltimo dia 11, que completou 29 anos.<\/p>\n\n\n\n<p>Segundo o superintendente do Procon, Walter Viana, o objetivo \u00e9&nbsp; oferecer aos consumidores tocantinenses uma maior facilidade no pagamento de seus d\u00e9bitos. Viana destacou que os dados da Pesquisa de Endividamento e Inadimpl\u00eancia do Consumidor (PEIC), divulgada pela Confedera\u00e7\u00e3o Nacional do Com\u00e9rcio de Bens, Servi\u00e7os e Turismo (CNC), mostraram que as fam\u00edlias palmenses est\u00e3o endividadas, chegando a 70,9%. Os n\u00fameros s\u00e3o referentes ao m\u00eas de julho deste ano.<\/p>\n\n\n\n<p>\u201cSer\u00e1 poss\u00edvel que o consumidor endividado fa\u00e7a a renegocia\u00e7\u00e3o direta com os credores. \u00c9 importante destacar que ficamos preocupados ap\u00f3s a divulga\u00e7\u00e3o da pesquisa, e esta semana de renegocia\u00e7\u00e3o vai permitir que o consumidor recupere seu cr\u00e9dito e as empresas n\u00e3o fiquem no preju\u00edzo. Desta forma todos s\u00e3o beneficiados\u201d, explica Walter Viana.<\/p>\n\n\n\n<p>Durante a Semana de Renegocia\u00e7\u00e3o de D\u00edvidas, as empresas Minas Tecidos, Lojas Nosso Lar, Ita\u00fa, Caixa Econ\u00f4mica, Santander, Vivo, OI, Claro, Tim, BRK e Energisa estar\u00e3o dispon\u00edveis para renegociar com os consumidores de acordo com o or\u00e7amento familiar. A C\u00e2mera de Dirigente Lojistas (CDL) de Palmas, tamb\u00e9m estar\u00e1 presente realizando consultas gratuitas no SPC e Serasa.<\/p>\n\n\n\n<p>Para os consumidores interessados em renegociar seus d\u00e9bitos, \u00e9 necess\u00e1rio que compare\u00e7a ao Procon levando os documentos com o valor da d\u00edvida, CPF, RG e comprovante de resid\u00eancia. O atendimento ser\u00e1 das 8 \u00e0s 18 horas, na sede do \u00f3rg\u00e3o em Palmas, localizado na quadra 103 Norte, ACNO II, Av. LO 02, Lts 57\/59, centro.<\/p>\n","protected":false},"excerpt":{"rendered":"<p>O Procon realiza na pr\u00f3xima semana, de 23 a 27, em Palmas, a I Semana de Renegocia\u00e7\u00e3o de D\u00edvidas. A a\u00e7\u00e3o faz parte da comemora\u00e7\u00e3o do anivers\u00e1rio do C\u00f3digo de Defesa do Consumidor (CDC), celebrado no dia \u00faltimo dia 11, que completou 29 anos. Segundo o superintendente do Procon, Walter Viana, o objetivo \u00e9&nbsp; oferecer [&hellip;]<\/p>\n","protected":false},"author":2,"featured_media":4010,"comment_status":"open","ping_status":"open","sticky":false,"template":"","format":"standard","meta":[],"categories":[3],"tags":[],"_links":{"self":[{"href":"https:\/\/dgospel.com.br\/portal\/index.php\/wp-json\/wp\/v2\/posts\/4009"}],"collection":[{"href":"https:\/\/dgospel.com.br\/portal\/index.php\/wp-json\/wp\/v2\/posts"}],"about":[{"href":"https:\/\/dgospel.com.br\/portal\/index.php\/wp-json\/wp\/v2\/types\/post"}],"author":[{"embeddable":true,"href":"https:\/\/dgospel.com.br\/portal\/index.php\/wp-json\/wp\/v2\/users\/2"}],"replies":[{"embeddable":true,"href":"https:\/\/dgospel.com.br\/portal\/index.php\/wp-json\/wp\/v2\/comments?post=4009"}],"version-history":[{"count":1,"href":"https:\/\/dgospel.com.br\/portal\/index.php\/wp-json\/wp\/v2\/posts\/4009\/revisions"}],"predecessor-version":[{"id":4011,"href":"https:\/\/dgospel.com.br\/portal\/index.php\/wp-json\/wp\/v2\/posts\/4009\/revisions\/4011"}],"wp:featuredmedia":[{"embeddable":true,"href":"https:\/\/dgospel.com.br\/portal\/index.php\/wp-json\/wp\/v2\/media\/4010"}],"wp:attachment":[{"href":"https:\/\/dgospel.com.br\/portal\/index.php\/wp-json\/wp\/v2\/media?parent=4009"}],"wp:term":[{"taxonomy":"category","embeddable":true,"href":"https:\/\/dgospel.com.br\/portal\/index.php\/wp-json\/wp\/v2\/categories?post=4009"},{"taxonomy":"post_tag","embeddable":true,"href":"https:\/\/dgospel.com.br\/portal\/index.php\/wp-json\/wp\/v2\/tags?post=4009"}],"curies":[{"name":"wp","href":"https:\/\/api.w.org\/{rel}","templated":true}]}}