{"id":401,"date":"2018-05-29T09:34:24","date_gmt":"2018-05-29T12:34:24","guid":{"rendered":"http:\/\/dgospel.com.br\/portal\/?p=401"},"modified":"2018-05-29T09:34:24","modified_gmt":"2018-05-29T12:34:24","slug":"governo-carlesse-vai-pagar-mais-63-da-folha-no-dia-1o-data-base-tambem-sera-depositada","status":"publish","type":"post","link":"https:\/\/dgospel.com.br\/portal\/index.php\/2018\/05\/29\/governo-carlesse-vai-pagar-mais-63-da-folha-no-dia-1o-data-base-tambem-sera-depositada\/","title":{"rendered":"Governo Carlesse vai pagar mais 63% da folha no dia 1\u00ba; data-base tamb\u00e9m ser\u00e1 depositada"},"content":{"rendered":"<p class=\"yiv9971842779MsoNormal\">O governador interino e candidato ao Governo do Estado na elei\u00e7\u00e3o suplementar de 3 de junho, Mauro Carlesse, determinou que a Secretaria Estadual da Fazenda efetue na pr\u00f3xima sexta-feira, dia 1\u00ba de junho, o pagamento dos sal\u00e1rios dos servidores do quadro geral que ganham at\u00e9 R$ 2.697,00, e da educa\u00e7\u00e3o, que recebem at\u00e9 R$ 3.380,00.<\/p>\n<p class=\"yiv9971842779MsoNormal\">O dinheiro estar\u00e1 na conta de mais de 35 mil servidores no s\u00e1bado, dia 2, injetando mais de R$ 60 milh\u00f5es na economia do Estado. O sal\u00e1rio dos demais servidores deve ser depositado no pr\u00f3ximo dia 8.<\/p>\n<p class=\"yiv9971842779MsoNormal\">Junto com o sal\u00e1rio ser\u00e1 depositada tamb\u00e9m a primeira parcela da data-base referente\u00a0ao per\u00edodo de maio de 2016 a abril de 2017, resultado de acordo entre o governador Carlesse e representantes de associa\u00e7\u00f5es e sindicatos dos servidores p\u00fablicos estaduais.<\/p>\n<p class=\"yiv9971842779MsoNormal\">Para Carlesse, o pagamento de mais 63% da folha, antes mesmo do quinto dia \u00fatil do m\u00eas; a negocia\u00e7\u00e3o e o pagamento da data-base provam que \u201c\u00e9 poss\u00edvel fazer\u201d, quando h\u00e1 planejamento e vontade pol\u00edtica. \u201c\u00c9 muito simples fazer isso, basta que o Estado n\u00e3o retenha os sal\u00e1rios dos servidores p\u00fablicos, como acontecia antes. E estamos organizando as contas p\u00fablicas para, em breve, pagarmos todos os sal\u00e1rios no dia 1\u00b0 de cada m\u00eas\u201d, comparou Carlesse, referindo \u00e0 gest\u00e3o do governador cassado, que s\u00f3 depositava os sal\u00e1rios dos servidores depois do dia 10.<\/p>\n<p class=\"yiv9971842779MsoNormal\">\nJornada de trabalho<\/p>\n<p class=\"yiv9971842779MsoNormal\">Al\u00e9m do pagamento da folha em dia, a gest\u00e3o do Governo Carlesse reduziu tamb\u00e9m a jornada de trabalho do funcionalismo, antiga reivindica\u00e7\u00e3o dos sindicatos que representam a categoria, e que resultou em economia para o Estado e mais qualidade de vida aos servidores p\u00fablicos estaduais.<\/p>\n<p class=\"yiv9971842779MsoNormal\">\n","protected":false},"excerpt":{"rendered":"<p>O governador interino e candidato ao Governo do Estado na elei\u00e7\u00e3o suplementar de 3 de junho, Mauro Carlesse, determinou que a Secretaria Estadual da Fazenda efetue na pr\u00f3xima sexta-feira, dia 1\u00ba de junho, o pagamento dos sal\u00e1rios dos servidores do quadro geral que ganham at\u00e9 R$ 2.697,00, e da educa\u00e7\u00e3o, que recebem at\u00e9 R$ 3.380,00. [&hellip;]<\/p>\n","protected":false},"author":2,"featured_media":402,"comment_status":"open","ping_status":"open","sticky":false,"template":"","format":"standard","meta":[],"categories":[2,3],"tags":[],"_links":{"self":[{"href":"https:\/\/dgospel.com.br\/portal\/index.php\/wp-json\/wp\/v2\/posts\/401"}],"collection":[{"href":"https:\/\/dgospel.com.br\/portal\/index.php\/wp-json\/wp\/v2\/posts"}],"about":[{"href":"https:\/\/dgospel.com.br\/portal\/index.php\/wp-json\/wp\/v2\/types\/post"}],"author":[{"embeddable":true,"href":"https:\/\/dgospel.com.br\/portal\/index.php\/wp-json\/wp\/v2\/users\/2"}],"replies":[{"embeddable":true,"href":"https:\/\/dgospel.com.br\/portal\/index.php\/wp-json\/wp\/v2\/comments?post=401"}],"version-history":[{"count":1,"href":"https:\/\/dgospel.com.br\/portal\/index.php\/wp-json\/wp\/v2\/posts\/401\/revisions"}],"predecessor-version":[{"id":403,"href":"https:\/\/dgospel.com.br\/portal\/index.php\/wp-json\/wp\/v2\/posts\/401\/revisions\/403"}],"wp:featuredmedia":[{"embeddable":true,"href":"https:\/\/dgospel.com.br\/portal\/index.php\/wp-json\/wp\/v2\/media\/402"}],"wp:attachment":[{"href":"https:\/\/dgospel.com.br\/portal\/index.php\/wp-json\/wp\/v2\/media?parent=401"}],"wp:term":[{"taxonomy":"category","embeddable":true,"href":"https:\/\/dgospel.com.br\/portal\/index.php\/wp-json\/wp\/v2\/categories?post=401"},{"taxonomy":"post_tag","embeddable":true,"href":"https:\/\/dgospel.com.br\/portal\/index.php\/wp-json\/wp\/v2\/tags?post=401"}],"curies":[{"name":"wp","href":"https:\/\/api.w.org\/{rel}","templated":true}]}}