{"id":4012,"date":"2019-09-17T09:46:37","date_gmt":"2019-09-17T12:46:37","guid":{"rendered":"http:\/\/dgospel.com.br\/portal\/?p=4012"},"modified":"2019-09-17T09:46:43","modified_gmt":"2019-09-17T12:46:43","slug":"governador-mauro-carlesse-anuncia-que-o-tocantins-esta-enquadrado-na-lei-de-responsabilidade-fiscal","status":"publish","type":"post","link":"https:\/\/dgospel.com.br\/portal\/index.php\/2019\/09\/17\/governador-mauro-carlesse-anuncia-que-o-tocantins-esta-enquadrado-na-lei-de-responsabilidade-fiscal\/","title":{"rendered":"Governador Mauro Carlesse anuncia que o Tocantins est\u00e1 enquadrado na Lei de Responsabilidade Fiscal"},"content":{"rendered":"\n<p>Depois de sete anos o Estado do Tocantins est\u00e1 enquadrado na Lei de Responsabilidade Fiscal, com \u00edndice 47,67%, abaixo do limite legal de 49,27% da receita l\u00edquida. Esse foi o resultado do Relat\u00f3rio Geral Fiscal do segundo quadrimestre, apresentado pelo governador Mauro Carlesse em entrevista coletiva \u00e0 imprensa, na tarde desta segunda-feira, 16, na Sala de Reuni\u00f5es do Pal\u00e1cio Araguaia, em Palmas. Isso foi poss\u00edvel com o aumento da receita, o corte das despesas de custeio e de pessoal, segundo o governador Mauro Carlesse.<\/p>\n\n\n\n<p>O secret\u00e1rio de Estado da Fazenda e Or\u00e7amento, Sandro Henrique, explicou que houve um crescimento de 8,89% dos recursos do Tesouro, que equivale a R$ 320 milh\u00f5es de janeiro a agosto de 2019, comparado com o mesmo per\u00edodo de ano passado. Os dados mostram tamb\u00e9m que as despesas de custeio tiveram uma redu\u00e7\u00e3o de 15%, equivalente a R$ 113,3 milh\u00f5es e com pessoal um montante de R$ 192 milh\u00f5es no mesmo per\u00edodo, o que proporcionou um equil\u00edbrio fiscal de R$ 625 milh\u00f5es. \u201cDe acordo com os dados apresentados, a proje\u00e7\u00e3o \u00e9 que at\u00e9 o final do ano o equil\u00edbrio fiscal chegue a R$ 935 milh\u00f5es\u201d, ressaltou Sandro Henrique, explicando ainda que a meta do Governo do Estado \u00e9 que no primeiro quadrimestre de 2020 o Estado esteja abaixo do limite prudencial de 46,55%.<\/p>\n\n\n\n<p>O governador Mauro Carlesse destacou que chegar a esses n\u00fameros n\u00e3o foi uma miss\u00e3o f\u00e1cil, porque foi necess\u00e1rio cortar despesas e promover redu\u00e7\u00e3o de pessoal, justamente em per\u00edodo eleitoral, mas que a popula\u00e7\u00e3o entendeu e os resultados est\u00e3o aparecendo. \u201cAgora estamos prontos para promover as a\u00e7\u00f5es para melhorar a vida do povo. Precisamos de cr\u00e9dito para iniciar e terminar obras inacabadas e \u00e9 isso que vamos fazer. Esperamos muito por esse dia e agora estamos preparados para crescer\u201d, sustentou o Governador.<\/p>\n\n\n\n<p>Sandro Henrique explicou que esses resultados foram obtidos a partir da determina\u00e7\u00e3o do Governador Mauro Carlesse ao assumir o Governo do Estado, de cortar gastos e aumentar a arrecada\u00e7\u00e3o para realizar as obras reclamadas pela popula\u00e7\u00e3o. \u201c\u00c9 isso que estamos fazendo e a meta n\u00e3o \u00e9 simplesmente o enquadramento do Estado. A meta \u00e9 enquadrar o Estado para que ele possa trabalhar dentro dos limites legais, para que tenha condi\u00e7\u00f5es de investir em pol\u00edticas p\u00fablicas para o cidad\u00e3o que mais precisa. Esse \u00e9 o grande objetivo do Governo Carlesse e a partir da\u00ed o Estado vai atrair empresas e crescer de forma s\u00f3lida\u201d.<\/p>\n\n\n\n<p>O evento contou a presen\u00e7a de deputados federais, estaduais, secret\u00e1rios de Estado e outros auxiliares do Governo.<\/p>\n","protected":false},"excerpt":{"rendered":"<p>Depois de sete anos o Estado do Tocantins est\u00e1 enquadrado na Lei de Responsabilidade Fiscal, com \u00edndice 47,67%, abaixo do limite legal de 49,27% da receita l\u00edquida. Esse foi o resultado do Relat\u00f3rio Geral Fiscal do segundo quadrimestre, apresentado pelo governador Mauro Carlesse em entrevista coletiva \u00e0 imprensa, na tarde desta segunda-feira, 16, na Sala [&hellip;]<\/p>\n","protected":false},"author":2,"featured_media":4013,"comment_status":"open","ping_status":"open","sticky":false,"template":"","format":"standard","meta":[],"categories":[3],"tags":[],"_links":{"self":[{"href":"https:\/\/dgospel.com.br\/portal\/index.php\/wp-json\/wp\/v2\/posts\/4012"}],"collection":[{"href":"https:\/\/dgospel.com.br\/portal\/index.php\/wp-json\/wp\/v2\/posts"}],"about":[{"href":"https:\/\/dgospel.com.br\/portal\/index.php\/wp-json\/wp\/v2\/types\/post"}],"author":[{"embeddable":true,"href":"https:\/\/dgospel.com.br\/portal\/index.php\/wp-json\/wp\/v2\/users\/2"}],"replies":[{"embeddable":true,"href":"https:\/\/dgospel.com.br\/portal\/index.php\/wp-json\/wp\/v2\/comments?post=4012"}],"version-history":[{"count":1,"href":"https:\/\/dgospel.com.br\/portal\/index.php\/wp-json\/wp\/v2\/posts\/4012\/revisions"}],"predecessor-version":[{"id":4014,"href":"https:\/\/dgospel.com.br\/portal\/index.php\/wp-json\/wp\/v2\/posts\/4012\/revisions\/4014"}],"wp:featuredmedia":[{"embeddable":true,"href":"https:\/\/dgospel.com.br\/portal\/index.php\/wp-json\/wp\/v2\/media\/4013"}],"wp:attachment":[{"href":"https:\/\/dgospel.com.br\/portal\/index.php\/wp-json\/wp\/v2\/media?parent=4012"}],"wp:term":[{"taxonomy":"category","embeddable":true,"href":"https:\/\/dgospel.com.br\/portal\/index.php\/wp-json\/wp\/v2\/categories?post=4012"},{"taxonomy":"post_tag","embeddable":true,"href":"https:\/\/dgospel.com.br\/portal\/index.php\/wp-json\/wp\/v2\/tags?post=4012"}],"curies":[{"name":"wp","href":"https:\/\/api.w.org\/{rel}","templated":true}]}}