{"id":4020,"date":"2019-09-17T15:27:02","date_gmt":"2019-09-17T18:27:02","guid":{"rendered":"http:\/\/dgospel.com.br\/portal\/?p=4020"},"modified":"2019-09-17T15:27:04","modified_gmt":"2019-09-17T18:27:04","slug":"projeto-propoe-prevencao-de-depressao-e-suicidio-nas-escolas-de-palmas","status":"publish","type":"post","link":"https:\/\/dgospel.com.br\/portal\/index.php\/2019\/09\/17\/projeto-propoe-prevencao-de-depressao-e-suicidio-nas-escolas-de-palmas\/","title":{"rendered":"Projeto prop\u00f5e preven\u00e7\u00e3o de depress\u00e3o e suic\u00eddio nas escolas de Palmas"},"content":{"rendered":"\n<p>Foi protocolado nesta ter\u00e7a-feira, 17, na C\u00e2mara de Palmas o Projeto de Lei que visa combater um problema que tem se tomado cada vez mais evidente e nossa sociedade: a depress\u00e3o e o suic\u00eddio entre jovens e adolescentes, especialmente os do Ensino Fundamental e M\u00e9dio.<\/p>\n\n\n\n<p>O autor da proposta, vereador Filipe Martins (PSC) defende ser importante que se inicie um trabalho preventivo j\u00e1 no Ensino Fundamental.&nbsp;<\/p>\n\n\n\n<p><em>\u201cAmpliar os espa\u00e7os de debate sobre o assunto \u00e9 importante, pois h\u00e1 um aumento no \u00edndice de suic\u00eddio entre jovens, conforme nos mostram v\u00e1rias reportagens e estudos sobre o tema: a taxa de suic\u00eddio entre jovens cresceu 10%, desde 2002, sendo o suic\u00eddio a quarta causa de morte entre os mesmos\u201d,<\/em>&nbsp;defendeu na justificativa do projeto.<\/p>\n\n\n\n<p>O PL prop\u00f5e a cria\u00e7\u00e3o de programas de a\u00e7\u00f5es preventivas nas escolas da capital, onde os educadores participar\u00e3o de curso de forma\u00e7\u00e3o e\/ou requalifica\u00e7\u00e3o sobre o assunto para lidar adequadamente com tema. As escolas tamb\u00e9m poder\u00e3o fazer parcerias com institui\u00e7\u00f5es p\u00fablicas e\/ou privadas para promover a\u00e7\u00f5es como palestras, workshops e outros instrumentos de capacita\u00e7\u00e3o, al\u00e9m de promover encontros com as fam\u00edlias para inseri-las no debate.<\/p>\n\n\n\n<p>Depois de ser aprovado na C\u00e2mara, o projeto&nbsp;poder\u00e1&nbsp;ser sancionado ou n\u00e3o pela Prefeitura de Palmas.<\/p>\n\n\n\n<p><strong>Dados alarmantes<\/strong><\/p>\n\n\n\n<p>Dados ainda in\u00e9ditos mostram que, em 12 anos, a taxa de suic\u00eddios na popula\u00e7\u00e3o de 15 a 29 anos subiu de 5,1 por 100 mil habitantes em 2002 para 5,6 em 2014 &#8211; um aumento de quase 10%. Os n\u00fameros obtidos com exclusividade pela BBC Brasil s\u00e3o do mapa da viol\u00eancia 2017, estudo publicado anualmente a partir de dados oficiais do Sistema de informa\u00e7\u00f5es de mortalidade (SIM) do Minist\u00e9rio da Sa\u00fade.<\/p>\n\n\n\n<p>Segundo especialistas ouvidos pela BCC Brasil, o problema \u00e9 normalmente associado a fatores como depress\u00e3o, abuso de drogas e \u00e1lcool, al\u00e9m das chamadas quest\u00f5es interpessoais-viol\u00eancia sexual, abusos, viol\u00eancia dom\u00e9stica e bullying.<\/p>\n","protected":false},"excerpt":{"rendered":"<p>Foi protocolado nesta ter\u00e7a-feira, 17, na C\u00e2mara de Palmas o Projeto de Lei que visa combater um problema que tem se tomado cada vez mais evidente e nossa sociedade: a depress\u00e3o e o suic\u00eddio entre jovens e adolescentes, especialmente os do Ensino Fundamental e M\u00e9dio. O autor da proposta, vereador Filipe Martins (PSC) defende ser [&hellip;]<\/p>\n","protected":false},"author":2,"featured_media":4021,"comment_status":"open","ping_status":"open","sticky":false,"template":"","format":"standard","meta":[],"categories":[8,4],"tags":[],"_links":{"self":[{"href":"https:\/\/dgospel.com.br\/portal\/index.php\/wp-json\/wp\/v2\/posts\/4020"}],"collection":[{"href":"https:\/\/dgospel.com.br\/portal\/index.php\/wp-json\/wp\/v2\/posts"}],"about":[{"href":"https:\/\/dgospel.com.br\/portal\/index.php\/wp-json\/wp\/v2\/types\/post"}],"author":[{"embeddable":true,"href":"https:\/\/dgospel.com.br\/portal\/index.php\/wp-json\/wp\/v2\/users\/2"}],"replies":[{"embeddable":true,"href":"https:\/\/dgospel.com.br\/portal\/index.php\/wp-json\/wp\/v2\/comments?post=4020"}],"version-history":[{"count":1,"href":"https:\/\/dgospel.com.br\/portal\/index.php\/wp-json\/wp\/v2\/posts\/4020\/revisions"}],"predecessor-version":[{"id":4022,"href":"https:\/\/dgospel.com.br\/portal\/index.php\/wp-json\/wp\/v2\/posts\/4020\/revisions\/4022"}],"wp:featuredmedia":[{"embeddable":true,"href":"https:\/\/dgospel.com.br\/portal\/index.php\/wp-json\/wp\/v2\/media\/4021"}],"wp:attachment":[{"href":"https:\/\/dgospel.com.br\/portal\/index.php\/wp-json\/wp\/v2\/media?parent=4020"}],"wp:term":[{"taxonomy":"category","embeddable":true,"href":"https:\/\/dgospel.com.br\/portal\/index.php\/wp-json\/wp\/v2\/categories?post=4020"},{"taxonomy":"post_tag","embeddable":true,"href":"https:\/\/dgospel.com.br\/portal\/index.php\/wp-json\/wp\/v2\/tags?post=4020"}],"curies":[{"name":"wp","href":"https:\/\/api.w.org\/{rel}","templated":true}]}}