{"id":4023,"date":"2019-09-18T10:34:31","date_gmt":"2019-09-18T13:34:31","guid":{"rendered":"http:\/\/dgospel.com.br\/portal\/?p=4023"},"modified":"2019-09-18T10:37:20","modified_gmt":"2019-09-18T13:37:20","slug":"globo-pede-desculpas-a-familia-bolsonaro-apos-materia-com-mulher-de-eduardo","status":"publish","type":"post","link":"https:\/\/dgospel.com.br\/portal\/index.php\/2019\/09\/18\/globo-pede-desculpas-a-familia-bolsonaro-apos-materia-com-mulher-de-eduardo\/","title":{"rendered":"Globo pede desculpas \u00e0 fam\u00edlia Bolsonaro ap\u00f3s mat\u00e9ria com mulher de Eduardo"},"content":{"rendered":"\n<p><strong>O Conselho Editorial do Grupo Globo divulgou comunicado reconhecendo erro\nda revista \u00c9poca em mat\u00e9ria sobre Heloisa Wolf Bolsonaro<\/strong>&nbsp;mulher\nde Eduardo Bolsonaro (PSL-SP), deputado federal e filho do presidente Jair\nBolsonaro (PSL).<\/p>\n\n\n\n<p>A mat\u00e9ria em quest\u00e3o trazia um rep\u00f3rter\nque n\u00e3o havia se identificado como tal se submetendo a cinco sess\u00f5es online com\nHelo\u00edsa, que \u00e9 psic\u00f3loga. As aulas teriam sido gravadas sem a permiss\u00e3o ou\nconhecimento dela.<\/p>\n\n\n\n<p>Divulgada no final de semana passada,&nbsp;a mat\u00e9ria gerou\nrea\u00e7\u00f5es irritadas tanto do presidente quanto de seu filho. Jair aproveitou\npara, em sua conta no Twitter, atacar toda a imprensa por conta do epis\u00f3dio.<\/p>\n\n\n\n<p>O Grupo Globo, em nota, admite que a revista errou e fala que \u201co\njornalismo n\u00e3o \u00e9 imune a erros\u201d. Por fim, ainda pediu desculpas diretamente\npara Heloisa e para seus leitores por uma decis\u00e3o editorial considerada\n\u201cequivocada\u201d.<\/p>\n\n\n\n<p><strong>Leia a nota na \u00edntegra:<\/strong><\/p>\n\n\n\n<p><em>UMA EXPLICA\u00c7\u00c3O NECESS\u00c1RIA<\/em><\/p>\n\n\n\n<p><em>Nota do Conselho Editorial do Grupo Globo<\/em><\/p>\n\n\n\n<p><em>\u201cComo toda atividade humana, o jornalismo n\u00e3o \u00e9 imune a erros. Os\ncontroles existem, s\u00e3o eficientes na maior parte das vezes, mas h\u00e1 casos em que\numa sucess\u00e3o de eventos na cadeia que vai da pauta \u00e0 publica\u00e7\u00e3o de uma\nreportagem produz um equ\u00edvoco.<\/em><\/p>\n\n\n\n<p><em>Foi o que aconteceu com a reportagem \u201cO coaching on-line de Heloisa\nBolsonaro: as li\u00e7\u00f5es que podem ajudar Eduardo a ser embaixador\u201d, publicada na\n\u00faltima sexta-feira. \u00c9POCA se norteia pelos Princ\u00edpios Editoriais do Grupo\nGlobo, de conhecimento dos leitores e de suas fontes desde 2011. Mas, ao\ndecidir publicar a reportagem, a revista errou, sem dolo, na interpreta\u00e7\u00e3o de\numa s\u00e9rie deles.<\/em><\/p>\n\n\n\n<p><em>\u00c9 certo que em sua se\u00e7\u00e3o II, item 2, letra \u201ch\u201d, est\u00e1 dito: \u201cA\nprivacidade das pessoas ser\u00e1 respeitada, especialmente em seu lar e em seu\nlugar de trabalho. A menos que esteja agindo contra a lei, ningu\u00e9m ser\u00e1\nobrigado a participar de reportagens\u201d. A letra \u201ci\u201d da mesma se\u00e7\u00e3o abre a\nseguinte exce\u00e7\u00e3o: \u201cPessoas p\u00fablicas \u2013 celebridades, artistas, pol\u00edticos,\nautoridades religiosas, servidores p\u00fablicos em cargos de dire\u00e7\u00e3o, atletas e\nl\u00edderes empresariais, entre outros \u2013 por defini\u00e7\u00e3o abdicam em larga medida de\nseu direito \u00e0 privacidade. Al\u00e9m disso, aspectos de suas vidas privadas podem\nser relevantes para o julgamento de suas vidas p\u00fablicas e para a defini\u00e7\u00e3o de\nsuas personalidades e estilos de vida e, por isso, merecem aten\u00e7\u00e3o. Cada caso \u00e9\num caso, e a decis\u00e3o a respeito, como sempre, deve ser tomada ap\u00f3s reflex\u00e3o, de\nprefer\u00eancia que envolva o maior n\u00famero poss\u00edvel de pessoas\u201d.<\/em><\/p>\n\n\n\n<p><em>O erro da revista foi tomar Heloisa Bolsonaro como pessoa p\u00fablica ao\nparticipar de seu coaching on-line. Heloisa leva, por\u00e9m, uma vida discreta, n\u00e3o\nparticipa de atividades p\u00fablicas e desempenha sua profiss\u00e3o de acordo com a\nlei. N\u00e3o pode, portanto, ser considerada uma figura p\u00fablica. Foi um erro de\ninterpreta\u00e7\u00e3o que s\u00f3 com a repercuss\u00e3o negativa da reportagem se tornou\nevidente para a revista.<\/em><\/p>\n\n\n\n<p><em>Em sua se\u00e7\u00e3o 1, item 1, letra \u201cr\u201d, os Princ\u00edpios Editoriais do Grupo\nGlobo determinam: \u201cQuando uma decis\u00e3o editorial provocar questionamentos\nrelevantes, abrangentes e leg\u00edtimos, os motivos que levaram a tal decis\u00e3o devem\nser esclarecidos\u201d. E o pre\u00e2mbulo da mesma se\u00e7\u00e3o estabelece com clareza: \u201cN\u00e3o\nh\u00e1 f\u00f3rmula, e nem jamais haver\u00e1, que torne o jornalismo imune a erros. Quando\neles acontecem, \u00e9 obriga\u00e7\u00e3o do ve\u00edculo corrigi-los de maneira transparente\u201d.<\/em><\/p>\n\n\n\n<p><em>\u00c9 ao que visa esta Carta aos Leitores. Explicar o que levou \u00e0 decis\u00e3o editorial equivocada, reconhecer publicamente o erro e pedir desculpas a Heloisa Bolsonaro e aos leitores de \u00c9POCA.\u201d<\/em><\/p>\n\n\n\n<p>Fonte: yahoo<\/p>\n","protected":false},"excerpt":{"rendered":"<p>O Conselho Editorial do Grupo Globo divulgou comunicado reconhecendo erro da revista \u00c9poca em mat\u00e9ria sobre Heloisa Wolf Bolsonaro&nbsp;mulher de Eduardo Bolsonaro (PSL-SP), deputado federal e filho do presidente Jair Bolsonaro (PSL). A mat\u00e9ria em quest\u00e3o trazia um rep\u00f3rter que n\u00e3o havia se identificado como tal se submetendo a cinco sess\u00f5es online com Helo\u00edsa, que [&hellip;]<\/p>\n","protected":false},"author":2,"featured_media":4025,"comment_status":"open","ping_status":"open","sticky":false,"template":"","format":"standard","meta":[],"categories":[6],"tags":[],"_links":{"self":[{"href":"https:\/\/dgospel.com.br\/portal\/index.php\/wp-json\/wp\/v2\/posts\/4023"}],"collection":[{"href":"https:\/\/dgospel.com.br\/portal\/index.php\/wp-json\/wp\/v2\/posts"}],"about":[{"href":"https:\/\/dgospel.com.br\/portal\/index.php\/wp-json\/wp\/v2\/types\/post"}],"author":[{"embeddable":true,"href":"https:\/\/dgospel.com.br\/portal\/index.php\/wp-json\/wp\/v2\/users\/2"}],"replies":[{"embeddable":true,"href":"https:\/\/dgospel.com.br\/portal\/index.php\/wp-json\/wp\/v2\/comments?post=4023"}],"version-history":[{"count":2,"href":"https:\/\/dgospel.com.br\/portal\/index.php\/wp-json\/wp\/v2\/posts\/4023\/revisions"}],"predecessor-version":[{"id":4033,"href":"https:\/\/dgospel.com.br\/portal\/index.php\/wp-json\/wp\/v2\/posts\/4023\/revisions\/4033"}],"wp:featuredmedia":[{"embeddable":true,"href":"https:\/\/dgospel.com.br\/portal\/index.php\/wp-json\/wp\/v2\/media\/4025"}],"wp:attachment":[{"href":"https:\/\/dgospel.com.br\/portal\/index.php\/wp-json\/wp\/v2\/media?parent=4023"}],"wp:term":[{"taxonomy":"category","embeddable":true,"href":"https:\/\/dgospel.com.br\/portal\/index.php\/wp-json\/wp\/v2\/categories?post=4023"},{"taxonomy":"post_tag","embeddable":true,"href":"https:\/\/dgospel.com.br\/portal\/index.php\/wp-json\/wp\/v2\/tags?post=4023"}],"curies":[{"name":"wp","href":"https:\/\/api.w.org\/{rel}","templated":true}]}}