{"id":4027,"date":"2019-09-18T10:22:29","date_gmt":"2019-09-18T13:22:29","guid":{"rendered":"http:\/\/dgospel.com.br\/portal\/?p=4027"},"modified":"2019-09-18T10:22:30","modified_gmt":"2019-09-18T13:22:30","slug":"mauro-carlesse-e-presidente-do-tribunal-de-justica-discutem-implantacao-de-audiencias-criminais-telepresenciais","status":"publish","type":"post","link":"https:\/\/dgospel.com.br\/portal\/index.php\/2019\/09\/18\/mauro-carlesse-e-presidente-do-tribunal-de-justica-discutem-implantacao-de-audiencias-criminais-telepresenciais\/","title":{"rendered":"Mauro Carlesse e presidente do Tribunal de Justi\u00e7a discutem implanta\u00e7\u00e3o de audi\u00eancias criminais telepresenciais"},"content":{"rendered":"\n<p>O governador do Estado do Tocantins, Mauro Carlesse, recebeu nesta ter\u00e7a-feira, 17, o presidente do Tribunal de Justi\u00e7a (TJ), desembargador Helv\u00e9cio Maia Neto. O objetivo da audi\u00eancia foi discutir o projeto de implanta\u00e7\u00e3o do projeto de videoconfer\u00eancia, que ir\u00e1 permitir a realiza\u00e7\u00e3o de audi\u00eancias criminais telepresenciais, com seguran\u00e7a e economia de recursos p\u00fablicos, al\u00e9m da agilidade processual. O projeto est\u00e1 or\u00e7ado em R$ 5 milh\u00f5es, sendo R$ 4 milh\u00f5es de contrapartida do Executivo Estadual.<\/p>\n\n\n\n<p>O projeto de videoconfer\u00eancia consiste em uma tecnologia que permite o contato visual e sonoro entre pessoas que est\u00e3o em lugares diferentes, dando a sensa\u00e7\u00e3o de que os interlocutores encontram-se no mesmo local. O presidente do TJ, Helv\u00e9cio Maia, destacou que o sistema em pauta vai permitir agilizar os julgamentos porque os atores envolvidos poder\u00e3o participar de uma audi\u00eancia sem sair do seu local de trabalho e o apenado em sua respectiva unidade prisional. \u201cA videoconfer\u00eancia vai encurtar esse caminho, facilitar para as pessoas e, com isso, ser\u00e1 poss\u00edvel realizar muito mais audi\u00eancias e mais atos praticados pelo poder Judici\u00e1rio\u201d, frisou. &nbsp;<\/p>\n\n\n\n<p>O desembargador estima que o projeto dever\u00e1 ser implantado at\u00e9 o m\u00eas de mar\u00e7o do pr\u00f3ximo ano e quando estiver em funcionamento dever\u00e1 promover uma economia mensal na ordem de R$ 700 mil, com di\u00e1rias de agentes penitenci\u00e1rios, combust\u00edveis, al\u00e9m de seguran\u00e7a, j\u00e1 que n\u00e3o existe risco de fuga, e outras demandas.<\/p>\n\n\n\n<p>O governador Mauro Carlesse destacou que esse projeto \u00e9 muito importante e sua implanta\u00e7\u00e3o \u00e9 oportuna, j\u00e1 que outras atividades at\u00e9 mesmo na \u00e1rea da sa\u00fade j\u00e1 s\u00e3o realizadas por essa tecnologia. \u201cPara n\u00f3s a implanta\u00e7\u00e3o desse projeto representa economia e rapidez. \u201cAchei maravilhoso e entendo que o nosso Estado tem que partir para ado\u00e7\u00e3o de tecnologia em todos os n\u00edveis, para melhor aproveitamento do tempo. Estamos \u00e0 disposi\u00e7\u00e3o para estabelecermos outras parcerias com o Poder Judici\u00e1rio para melhorar o que for preciso\u201d, ressaltou.<\/p>\n\n\n\n<p>Tamb\u00e9m participaram da audi\u00eancia o diretor geral do Tribunal de Justi\u00e7a, Jonas Ramos; a chefe de Gabinete Glaciele Torquato; o juiz auxiliar da Presid\u00eancia do Tribunal de Justi\u00e7a, Orc\u00e9lio Nobre; o diretor de Tecnologia da Informa\u00e7\u00e3o do Tribunal de Justi\u00e7a, Marcelo Leal; o secret\u00e1rio de Estado da Cidadania e Justi\u00e7a, Heber Fidelis; e o secret\u00e1rio-chefe da Casa Civil, Rolf Vidal.&nbsp;<\/p>\n","protected":false},"excerpt":{"rendered":"<p>O governador do Estado do Tocantins, Mauro Carlesse, recebeu nesta ter\u00e7a-feira, 17, o presidente do Tribunal de Justi\u00e7a (TJ), desembargador Helv\u00e9cio Maia Neto. O objetivo da audi\u00eancia foi discutir o projeto de implanta\u00e7\u00e3o do projeto de videoconfer\u00eancia, que ir\u00e1 permitir a realiza\u00e7\u00e3o de audi\u00eancias criminais telepresenciais, com seguran\u00e7a e economia de recursos p\u00fablicos, al\u00e9m da [&hellip;]<\/p>\n","protected":false},"author":2,"featured_media":4028,"comment_status":"open","ping_status":"open","sticky":false,"template":"","format":"standard","meta":[],"categories":[4],"tags":[],"_links":{"self":[{"href":"https:\/\/dgospel.com.br\/portal\/index.php\/wp-json\/wp\/v2\/posts\/4027"}],"collection":[{"href":"https:\/\/dgospel.com.br\/portal\/index.php\/wp-json\/wp\/v2\/posts"}],"about":[{"href":"https:\/\/dgospel.com.br\/portal\/index.php\/wp-json\/wp\/v2\/types\/post"}],"author":[{"embeddable":true,"href":"https:\/\/dgospel.com.br\/portal\/index.php\/wp-json\/wp\/v2\/users\/2"}],"replies":[{"embeddable":true,"href":"https:\/\/dgospel.com.br\/portal\/index.php\/wp-json\/wp\/v2\/comments?post=4027"}],"version-history":[{"count":1,"href":"https:\/\/dgospel.com.br\/portal\/index.php\/wp-json\/wp\/v2\/posts\/4027\/revisions"}],"predecessor-version":[{"id":4029,"href":"https:\/\/dgospel.com.br\/portal\/index.php\/wp-json\/wp\/v2\/posts\/4027\/revisions\/4029"}],"wp:featuredmedia":[{"embeddable":true,"href":"https:\/\/dgospel.com.br\/portal\/index.php\/wp-json\/wp\/v2\/media\/4028"}],"wp:attachment":[{"href":"https:\/\/dgospel.com.br\/portal\/index.php\/wp-json\/wp\/v2\/media?parent=4027"}],"wp:term":[{"taxonomy":"category","embeddable":true,"href":"https:\/\/dgospel.com.br\/portal\/index.php\/wp-json\/wp\/v2\/categories?post=4027"},{"taxonomy":"post_tag","embeddable":true,"href":"https:\/\/dgospel.com.br\/portal\/index.php\/wp-json\/wp\/v2\/tags?post=4027"}],"curies":[{"name":"wp","href":"https:\/\/api.w.org\/{rel}","templated":true}]}}