{"id":4030,"date":"2019-09-18T10:30:47","date_gmt":"2019-09-18T13:30:47","guid":{"rendered":"http:\/\/dgospel.com.br\/portal\/?p=4030"},"modified":"2019-09-18T10:30:48","modified_gmt":"2019-09-18T13:30:48","slug":"pl-de-rogerio-freitas-dispoe-sobre-a-fiscalizacao-de-escolas-por-videomonitoramento","status":"publish","type":"post","link":"https:\/\/dgospel.com.br\/portal\/index.php\/2019\/09\/18\/pl-de-rogerio-freitas-dispoe-sobre-a-fiscalizacao-de-escolas-por-videomonitoramento\/","title":{"rendered":"PL de Rog\u00e9rio Freitas disp\u00f5e sobre a fiscaliza\u00e7\u00e3o de escolas por videomonitoramento"},"content":{"rendered":"\n<p>Com o objetivo de promover a seguran\u00e7a dentro das institui\u00e7\u00f5es municipais de ensino, o vereador Rog\u00e9rio Freitas (MDB), apresentou Projeto de Lei na C\u00e2mara Municipal de Palmas que disp\u00f5e sobre a fiscaliza\u00e7\u00e3o de todas as Escolas Municipais e CMEIS, atrav\u00e9s de videomonitoramento.<br><\/p>\n\n\n\n<p>Conforme o Projeto o \u00f3rg\u00e3o respons\u00e1vel por acompanhar o monitoramento ser\u00e1 definido pelo Poder Executivo. Visto que o acompanhamento e&nbsp;suporte devem ser feitos por c\u00e2meras localizadas na \u00e1rea externa e interna da unidade de ensino.<\/p>\n\n\n\n<p>Freitas explica que o projeto \u00e9 importante devido aos momentos aterrorizantes que ocorreram nos \u00faltimos anos. &nbsp;\u201cFam\u00edlias e futuros de pessoas v\u00eam sendo destru\u00eddos pela viol\u00eancia gerada, bem como pela falta de seguran\u00e7a dentro das Escolas. O PL permitir\u00e1 que as institui\u00e7\u00f5es sejam monitoradas 24 horas por dia, al\u00e9m disso, caso haja alguma atitude suspeita, poder\u00e1 ser solicitada uma viatura que esteja mais pr\u00f3xima do local, assim atendendo a ocorr\u00eancia de forma mais \u00e1gil\u201d, explicou o parlamentar.<br><\/p>\n\n\n\n<p>A vigil\u00e2ncia atrav\u00e9s de c\u00e2meras de seguran\u00e7a, al\u00e9m de inibir atitudes violentas de alunos contra colegas, ajudar\u00e1 tamb\u00e9m na conten\u00e7\u00e3o e preven\u00e7\u00e3o de viol\u00eancia contra os professores e Educadores da Unidade de Ensino.<\/p>\n\n\n\n<p>O ambiente escolar tem que ser seguro e apropriado, para que seja realizado um trabalho correto pelos educadores e todos os envolvidos na educa\u00e7\u00e3o de uma crian\u00e7a.<\/p>\n","protected":false},"excerpt":{"rendered":"<p>Com o objetivo de promover a seguran\u00e7a dentro das institui\u00e7\u00f5es municipais de ensino, o vereador Rog\u00e9rio Freitas (MDB), apresentou Projeto de Lei na C\u00e2mara Municipal de Palmas que disp\u00f5e sobre a fiscaliza\u00e7\u00e3o de todas as Escolas Municipais e CMEIS, atrav\u00e9s de videomonitoramento. Conforme o Projeto o \u00f3rg\u00e3o respons\u00e1vel por acompanhar o monitoramento ser\u00e1 definido pelo [&hellip;]<\/p>\n","protected":false},"author":2,"featured_media":4031,"comment_status":"open","ping_status":"open","sticky":false,"template":"","format":"standard","meta":[],"categories":[8],"tags":[],"_links":{"self":[{"href":"https:\/\/dgospel.com.br\/portal\/index.php\/wp-json\/wp\/v2\/posts\/4030"}],"collection":[{"href":"https:\/\/dgospel.com.br\/portal\/index.php\/wp-json\/wp\/v2\/posts"}],"about":[{"href":"https:\/\/dgospel.com.br\/portal\/index.php\/wp-json\/wp\/v2\/types\/post"}],"author":[{"embeddable":true,"href":"https:\/\/dgospel.com.br\/portal\/index.php\/wp-json\/wp\/v2\/users\/2"}],"replies":[{"embeddable":true,"href":"https:\/\/dgospel.com.br\/portal\/index.php\/wp-json\/wp\/v2\/comments?post=4030"}],"version-history":[{"count":1,"href":"https:\/\/dgospel.com.br\/portal\/index.php\/wp-json\/wp\/v2\/posts\/4030\/revisions"}],"predecessor-version":[{"id":4032,"href":"https:\/\/dgospel.com.br\/portal\/index.php\/wp-json\/wp\/v2\/posts\/4030\/revisions\/4032"}],"wp:featuredmedia":[{"embeddable":true,"href":"https:\/\/dgospel.com.br\/portal\/index.php\/wp-json\/wp\/v2\/media\/4031"}],"wp:attachment":[{"href":"https:\/\/dgospel.com.br\/portal\/index.php\/wp-json\/wp\/v2\/media?parent=4030"}],"wp:term":[{"taxonomy":"category","embeddable":true,"href":"https:\/\/dgospel.com.br\/portal\/index.php\/wp-json\/wp\/v2\/categories?post=4030"},{"taxonomy":"post_tag","embeddable":true,"href":"https:\/\/dgospel.com.br\/portal\/index.php\/wp-json\/wp\/v2\/tags?post=4030"}],"curies":[{"name":"wp","href":"https:\/\/api.w.org\/{rel}","templated":true}]}}