{"id":4034,"date":"2019-09-18T10:41:19","date_gmt":"2019-09-18T13:41:19","guid":{"rendered":"http:\/\/dgospel.com.br\/portal\/?p=4034"},"modified":"2019-09-18T10:41:31","modified_gmt":"2019-09-18T13:41:31","slug":"deputados-comemoram-enquadramento-do-estado-na-lrf","status":"publish","type":"post","link":"https:\/\/dgospel.com.br\/portal\/index.php\/2019\/09\/18\/deputados-comemoram-enquadramento-do-estado-na-lrf\/","title":{"rendered":"Deputados comemoram enquadramento do Estado na LRF"},"content":{"rendered":"\n<p>O enquadramento das contas p\u00fablicas do Estado do Tocantins nos termos da Lei de Responsabilidade Fiscal (LRF) foi celebrado pelos deputados na sess\u00e3o desta ter\u00e7a-feira, 17. Concedida pelo secret\u00e1rio da Fazenda, Sandro Armando, em entrevista coletiva nesta segunda, 16, a not\u00edcia repercutiu no plen\u00e1rio da Assembleia Legislativa.<br><\/p>\n\n\n\n<p>A deputada Valderez Castelo Branco (PP) parabenizou o Governo pela conquista e lembrou a decorrente libera\u00e7\u00e3o de empr\u00e9stimos que v\u00e3o subsidiar investimentos no Estado.<\/p>\n\n\n\n<p>J\u00e1 o presidente da Casa, deputado Ant\u00f4nio Andrade (PTB), disse que as contas estaduais est\u00e3o desenquadradas h\u00e1 quase dez anos, mas que hoje s\u00e3o gastos 47,8% do or\u00e7amento com folha (o limite \u00e9 de 49%). \u201cA participa\u00e7\u00e3o dos deputados foi muito importante. Hoje, o Estado tem condi\u00e7\u00f5es de contrair qualquer empr\u00e9stimo\u201d, comentou.<\/p>\n\n\n\n<p>Andrade informou ainda que em 30 dias as obras da nova ponte de Porto devem come\u00e7ar. O enquadramento tamb\u00e9m vai viabilizar a amplia\u00e7\u00e3o do hospital de Aragua\u00edna, a constru\u00e7\u00e3o do novo hospital de Gurupi, al\u00e9m do R$ 1,02 milh\u00e3o para cada um dos 139 munic\u00edpios.<\/p>\n\n\n\n<p>Para o parlamentar Am\u00e9lio Cayres (SD), o mais importante \u00e9 que o Estado ter\u00e1 margem para investir. \u201cO Tocantins virou, nos \u00faltimos anos, uma m\u00e1quina de pagar folha e custeio. Mas Estado que n\u00e3o investe, n\u00e3o cresce\u201d, lembrou.<\/p>\n\n\n\n<p>\u201dN\u00e3o \u00e9 f\u00e1cil come\u00e7ar com demiss\u00f5es um mandato\u201d, comentou L\u00e9o Barbosa (SD). \u201cSofremos no in\u00edcio com os ajustes. E, depois de muitos anos, o pagamento do servidores vai sair em dia a partir do pr\u00f3ximo m\u00eas\u201d, comemorou.<\/p>\n","protected":false},"excerpt":{"rendered":"<p>O enquadramento das contas p\u00fablicas do Estado do Tocantins nos termos da Lei de Responsabilidade Fiscal (LRF) foi celebrado pelos deputados na sess\u00e3o desta ter\u00e7a-feira, 17. Concedida pelo secret\u00e1rio da Fazenda, Sandro Armando, em entrevista coletiva nesta segunda, 16, a not\u00edcia repercutiu no plen\u00e1rio da Assembleia Legislativa. A deputada Valderez Castelo Branco (PP) parabenizou o [&hellip;]<\/p>\n","protected":false},"author":2,"featured_media":4035,"comment_status":"open","ping_status":"open","sticky":false,"template":"","format":"standard","meta":[],"categories":[4],"tags":[],"_links":{"self":[{"href":"https:\/\/dgospel.com.br\/portal\/index.php\/wp-json\/wp\/v2\/posts\/4034"}],"collection":[{"href":"https:\/\/dgospel.com.br\/portal\/index.php\/wp-json\/wp\/v2\/posts"}],"about":[{"href":"https:\/\/dgospel.com.br\/portal\/index.php\/wp-json\/wp\/v2\/types\/post"}],"author":[{"embeddable":true,"href":"https:\/\/dgospel.com.br\/portal\/index.php\/wp-json\/wp\/v2\/users\/2"}],"replies":[{"embeddable":true,"href":"https:\/\/dgospel.com.br\/portal\/index.php\/wp-json\/wp\/v2\/comments?post=4034"}],"version-history":[{"count":1,"href":"https:\/\/dgospel.com.br\/portal\/index.php\/wp-json\/wp\/v2\/posts\/4034\/revisions"}],"predecessor-version":[{"id":4036,"href":"https:\/\/dgospel.com.br\/portal\/index.php\/wp-json\/wp\/v2\/posts\/4034\/revisions\/4036"}],"wp:featuredmedia":[{"embeddable":true,"href":"https:\/\/dgospel.com.br\/portal\/index.php\/wp-json\/wp\/v2\/media\/4035"}],"wp:attachment":[{"href":"https:\/\/dgospel.com.br\/portal\/index.php\/wp-json\/wp\/v2\/media?parent=4034"}],"wp:term":[{"taxonomy":"category","embeddable":true,"href":"https:\/\/dgospel.com.br\/portal\/index.php\/wp-json\/wp\/v2\/categories?post=4034"},{"taxonomy":"post_tag","embeddable":true,"href":"https:\/\/dgospel.com.br\/portal\/index.php\/wp-json\/wp\/v2\/tags?post=4034"}],"curies":[{"name":"wp","href":"https:\/\/api.w.org\/{rel}","templated":true}]}}