{"id":4037,"date":"2019-09-18T10:51:44","date_gmt":"2019-09-18T13:51:44","guid":{"rendered":"http:\/\/dgospel.com.br\/portal\/?p=4037"},"modified":"2019-09-18T10:51:55","modified_gmt":"2019-09-18T13:51:55","slug":"convencao-uruguaia-solicita-credenciamento-na-cgadb","status":"publish","type":"post","link":"https:\/\/dgospel.com.br\/portal\/index.php\/2019\/09\/18\/convencao-uruguaia-solicita-credenciamento-na-cgadb\/","title":{"rendered":"Conven\u00e7\u00e3o Uruguaia solicita credenciamento na CGADB"},"content":{"rendered":"\n<figure class=\"wp-block-image\"><img loading=\"lazy\" width=\"1024\" height=\"683\" src=\"http:\/\/dgospel.com.br\/portal\/wp-content\/uploads\/2019\/09\/uruguai2-1-1024x683.jpg\" alt=\"\" class=\"wp-image-4039\" srcset=\"https:\/\/dgospel.com.br\/portal\/wp-content\/uploads\/2019\/09\/uruguai2-1-1024x683.jpg 1024w, https:\/\/dgospel.com.br\/portal\/wp-content\/uploads\/2019\/09\/uruguai2-1-300x200.jpg 300w, https:\/\/dgospel.com.br\/portal\/wp-content\/uploads\/2019\/09\/uruguai2-1-768x512.jpg 768w, https:\/\/dgospel.com.br\/portal\/wp-content\/uploads\/2019\/09\/uruguai2-1.jpg 1920w\" sizes=\"(max-width: 1024px) 100vw, 1024px\" \/><\/figure>\n\n\n\n<p>O presidente da Conven\u00e7\u00e3o Geral das Assembleias de Deus no Brasil (CGADB), pastor Jos\u00e9 Wellington Costa J\u00fanior, recebeu na manh\u00e3 desta ter\u00e7a (17) em seu gabinete na cidade de S\u00e3o Paulo (SP), a visita do pastor Walter Delgado, presidente do Conc\u00edlio Geral de Ministros das Assembleias de Deus Mission\u00e1rias no Uruguai (COMADEU).<\/p>\n\n\n\n<p>O l\u00edder Uruguaio veio ao Brasil solicitar o registro da Conven\u00e7\u00e3o por ele presidida no quadro de conven\u00e7\u00f5es afiliadas da CGADB. Ele esteve acompanhado dos pastores Francisco Rodrigues, primeiro secret\u00e1rio e Isaac Dias, membro do conselho da COMADEU. Participaram da reuni\u00e3o tamb\u00e9m os pastores Paulo Morais, membro da comiss\u00e3o jur\u00eddica da CGADB, que deu as orienta\u00e7\u00f5es necess\u00e1rios para que a Conven\u00e7\u00e3o possa ser reconhecida; Jefferson de Freitas, gerente CPAD SP; e Eliseu Vicente.&nbsp;<\/p>\n\n\n\n<p><strong>Com informa\u00e7\u00f5es e fotos do Conselho de Comunica\u00e7\u00e3o e Imprensa da CGADB<\/strong><\/p>\n","protected":false},"excerpt":{"rendered":"<p>O presidente da Conven\u00e7\u00e3o Geral das Assembleias de Deus no Brasil (CGADB), pastor Jos\u00e9 Wellington Costa J\u00fanior, recebeu na manh\u00e3 desta ter\u00e7a (17) em seu gabinete na cidade de S\u00e3o Paulo (SP), a visita do pastor Walter Delgado, presidente do Conc\u00edlio Geral de Ministros das Assembleias de Deus Mission\u00e1rias no Uruguai (COMADEU). O l\u00edder Uruguaio [&hellip;]<\/p>\n","protected":false},"author":2,"featured_media":4038,"comment_status":"open","ping_status":"open","sticky":false,"template":"","format":"standard","meta":[],"categories":[10,5],"tags":[],"_links":{"self":[{"href":"https:\/\/dgospel.com.br\/portal\/index.php\/wp-json\/wp\/v2\/posts\/4037"}],"collection":[{"href":"https:\/\/dgospel.com.br\/portal\/index.php\/wp-json\/wp\/v2\/posts"}],"about":[{"href":"https:\/\/dgospel.com.br\/portal\/index.php\/wp-json\/wp\/v2\/types\/post"}],"author":[{"embeddable":true,"href":"https:\/\/dgospel.com.br\/portal\/index.php\/wp-json\/wp\/v2\/users\/2"}],"replies":[{"embeddable":true,"href":"https:\/\/dgospel.com.br\/portal\/index.php\/wp-json\/wp\/v2\/comments?post=4037"}],"version-history":[{"count":1,"href":"https:\/\/dgospel.com.br\/portal\/index.php\/wp-json\/wp\/v2\/posts\/4037\/revisions"}],"predecessor-version":[{"id":4040,"href":"https:\/\/dgospel.com.br\/portal\/index.php\/wp-json\/wp\/v2\/posts\/4037\/revisions\/4040"}],"wp:featuredmedia":[{"embeddable":true,"href":"https:\/\/dgospel.com.br\/portal\/index.php\/wp-json\/wp\/v2\/media\/4038"}],"wp:attachment":[{"href":"https:\/\/dgospel.com.br\/portal\/index.php\/wp-json\/wp\/v2\/media?parent=4037"}],"wp:term":[{"taxonomy":"category","embeddable":true,"href":"https:\/\/dgospel.com.br\/portal\/index.php\/wp-json\/wp\/v2\/categories?post=4037"},{"taxonomy":"post_tag","embeddable":true,"href":"https:\/\/dgospel.com.br\/portal\/index.php\/wp-json\/wp\/v2\/tags?post=4037"}],"curies":[{"name":"wp","href":"https:\/\/api.w.org\/{rel}","templated":true}]}}