{"id":4044,"date":"2019-09-18T11:25:07","date_gmt":"2019-09-18T14:25:07","guid":{"rendered":"http:\/\/dgospel.com.br\/portal\/?p=4044"},"modified":"2019-09-18T11:34:39","modified_gmt":"2019-09-18T14:34:39","slug":"grupo-evangeliza-e-oferece-servicos-de-saude-a-caminhoneiros-em-estrada-do-tocantins","status":"publish","type":"post","link":"https:\/\/dgospel.com.br\/portal\/index.php\/2019\/09\/18\/grupo-evangeliza-e-oferece-servicos-de-saude-a-caminhoneiros-em-estrada-do-tocantins\/","title":{"rendered":"Grupo evangeliza e oferece servi\u00e7os de sa\u00fade a caminhoneiros em estrada do Tocantins"},"content":{"rendered":"\n<p>Se pegar a estrada e passar dias dirigindo j\u00e1 \u00e9 cansativo para quem decide fazer uma viagem de f\u00e9rias em fam\u00edlia, imagine para os caminhoneiros, que passam dias ou at\u00e9 meses dirigindo, longe de seus familiares e com o sono alterado. Foi pensando nisso que a Federa\u00e7\u00e3o Norte de Homens\u00a0<strong><a href=\"https:\/\/guiame.com.br\/gospel\/mundo-cristao\/igreja-presbiteriana-do-brasil-desmente-apoio-fernando-haddad.html\">Presbiterianos\u00a0<\/a><\/strong>decidiu promover uma a\u00e7\u00e3o<strong><a href=\"https:\/\/guiame.com.br\/gospel\/mundo-cristao\/evangelismo-nao-e-so-nas-ruas-e-manifestar-deus-em-qualquer-lugar-diz-todd-white.html\">\u00a0evangel\u00edstica<\/a><\/strong>\u00a0na regi\u00e3o de Aragua\u00edna e na BR 153, pr\u00f3ximo \u00e0 cidade de Colinas (TO).<\/p>\n\n\n\n<p>Al\u00e9m de evangelizar com a entrega de exemplares do Novo Testamento e folhetos, o grupo tamb\u00e9m contou com m\u00e9dicos volunt\u00e1rios que prestam atendimento m\u00e9dico gratuito na tenda armada pela Federa\u00e7\u00e3o.<\/p>\n\n\n\n<p>&#8220;O projeto visa a evangeliza\u00e7\u00e3o dos caminhoneiros, com entrega de folhetos, mini-b\u00edblias e para aqueles que desejam, n\u00f3s tamb\u00e9m fazemos uma avalia\u00e7\u00e3o b\u00e1sica da sa\u00fade: teste de glicemia e aferi\u00e7\u00e3o da press\u00e3o arterial. Ent\u00e3o, a nossa ideia \u00e9 oferecer esse atendimento b\u00e1sico, mas sem esquecer de evangelizar essas pessoas, mostrar a import\u00e2ncia de Deus nas nossas vidas&#8221;, destacou Danilo Vargas, que \u00e9 professor universit\u00e1rio e se voluntariou para a a\u00e7\u00e3o.<\/p>\n\n\n\n<p>Por viverem uma realidade de bastante dedica\u00e7\u00e3o \u00e0s estradas, muitas vezes a sa\u00fade dos caminhoneiros fica em segundo plano. Por\u00e9m a a\u00e7\u00e3o dos homens presbiterianos busca alertar tamb\u00e9m para a import\u00e2ncia de cuidar da sa\u00fade.<\/p>\n\n\n\n<p>&#8220;Dei uma olhada aqui no a\u00e7\u00facar no sangue. Ele [m\u00e9dico] me deu uma orienta\u00e7\u00e3o aqui e segunda-feira eu vou \u00e0 farm\u00e1cia, comprar os rem\u00e9dios e procurar um m\u00e9dico, porque a glicose est\u00e1 meio alta&#8221;, disse um dos caminhoneiros atendidos.<\/p>\n\n\n\n<p>Quando questionado sobre a relev\u00e2ncia da a\u00e7\u00e3o promovida pelo grupo de crist\u00e3os, o caminhoneiro declarou seu apoio.<\/p>\n\n\n\n<p>&#8220;Isso \u00e9 uma coisa maravilhosa, que todo mundo devia fazer para a sociedade. Previne doen\u00e7as, descobre, como no meu caso, que j\u00e1 vi que estou precisando fazer uma reavalia\u00e7\u00e3o do sangue. Ent\u00e3o, eu fico muito grato e quem ganha \u00e9 a popula\u00e7\u00e3o&#8221;, disse o motorista.<\/p>\n\n\n\n<figure class=\"wp-block-embed-facebook wp-block-embed is-type-video is-provider-facebook\"><div class=\"wp-block-embed__wrapper\">\n<div id=\"fb-root\"><\/div><script async=\"1\" defer=\"1\" crossorigin=\"anonymous\" src=\"https:\/\/connect.facebook.net\/nl_NL\/sdk.js#xfbml=1&amp;version=v7.0\" nonce=\"OYIudAjn\"><\/script><div class=\"fb-video\" data-href=\"https:\/\/www.facebook.com\/ipbaraguaina\/videos\/373208216953908\/\" data-width=\"630\"><blockquote cite=\"https:\/\/www.facebook.com\/ipbaraguaina\/videos\/373208216953908\/\" class=\"fb-xfbml-parse-ignore\"><a href=\"https:\/\/www.facebook.com\/ipbaraguaina\/videos\/373208216953908\/\"><\/a><p><\/p>Geplaatst door <a href=\"https:\/\/www.facebook.com\/ipbaraguaina\/\">Primeira Igreja Presbiteriana de Aragua\u00edna<\/a> op Maandag 16 september 2019<\/blockquote><\/div>\n<\/div><\/figure>\n\n\n\n<figure class=\"wp-block-embed-facebook wp-block-embed\"><div class=\"wp-block-embed__wrapper\">\nhttps:\/\/www.facebook.com\/watch\/?v=373208216953908\n<\/div><\/figure>\n\n\n\n<p>\n\nFONTE: GUIAME\n\n<\/p>\n","protected":false},"excerpt":{"rendered":"<p>Se pegar a estrada e passar dias dirigindo j\u00e1 \u00e9 cansativo para quem decide fazer uma viagem de f\u00e9rias em fam\u00edlia, imagine para os caminhoneiros, que passam dias ou at\u00e9 meses dirigindo, longe de seus familiares e com o sono alterado. Foi pensando nisso que a Federa\u00e7\u00e3o Norte de Homens\u00a0Presbiterianos\u00a0decidiu promover uma a\u00e7\u00e3o\u00a0evangel\u00edstica\u00a0na regi\u00e3o de [&hellip;]<\/p>\n","protected":false},"author":2,"featured_media":4045,"comment_status":"open","ping_status":"open","sticky":false,"template":"","format":"standard","meta":[],"categories":[5],"tags":[],"_links":{"self":[{"href":"https:\/\/dgospel.com.br\/portal\/index.php\/wp-json\/wp\/v2\/posts\/4044"}],"collection":[{"href":"https:\/\/dgospel.com.br\/portal\/index.php\/wp-json\/wp\/v2\/posts"}],"about":[{"href":"https:\/\/dgospel.com.br\/portal\/index.php\/wp-json\/wp\/v2\/types\/post"}],"author":[{"embeddable":true,"href":"https:\/\/dgospel.com.br\/portal\/index.php\/wp-json\/wp\/v2\/users\/2"}],"replies":[{"embeddable":true,"href":"https:\/\/dgospel.com.br\/portal\/index.php\/wp-json\/wp\/v2\/comments?post=4044"}],"version-history":[{"count":2,"href":"https:\/\/dgospel.com.br\/portal\/index.php\/wp-json\/wp\/v2\/posts\/4044\/revisions"}],"predecessor-version":[{"id":4048,"href":"https:\/\/dgospel.com.br\/portal\/index.php\/wp-json\/wp\/v2\/posts\/4044\/revisions\/4048"}],"wp:featuredmedia":[{"embeddable":true,"href":"https:\/\/dgospel.com.br\/portal\/index.php\/wp-json\/wp\/v2\/media\/4045"}],"wp:attachment":[{"href":"https:\/\/dgospel.com.br\/portal\/index.php\/wp-json\/wp\/v2\/media?parent=4044"}],"wp:term":[{"taxonomy":"category","embeddable":true,"href":"https:\/\/dgospel.com.br\/portal\/index.php\/wp-json\/wp\/v2\/categories?post=4044"},{"taxonomy":"post_tag","embeddable":true,"href":"https:\/\/dgospel.com.br\/portal\/index.php\/wp-json\/wp\/v2\/tags?post=4044"}],"curies":[{"name":"wp","href":"https:\/\/api.w.org\/{rel}","templated":true}]}}