{"id":4050,"date":"2019-09-18T20:17:38","date_gmt":"2019-09-18T23:17:38","guid":{"rendered":"http:\/\/dgospel.com.br\/portal\/?p=4050"},"modified":"2019-09-18T20:17:47","modified_gmt":"2019-09-18T23:17:47","slug":"leo-barbosa-destaca-importancia-de-enquadramento-do-estado-na-lei-de-responsabilidade-fiscal","status":"publish","type":"post","link":"https:\/\/dgospel.com.br\/portal\/index.php\/2019\/09\/18\/leo-barbosa-destaca-importancia-de-enquadramento-do-estado-na-lei-de-responsabilidade-fiscal\/","title":{"rendered":"L\u00e9o Barbosa destaca import\u00e2ncia de enquadramento do Estado na Lei de Responsabilidade Fiscal"},"content":{"rendered":"\n<p>O deputado estadual L\u00e9o Barbosa comentou, durante a sess\u00e3o ordin\u00e1ria desta ter\u00e7a-feira, 17, na Assembleia Legislativa, sobre o reenquadramento do Estado do Tocantins na Lei de Responsabilidade Fiscal (LRF). O an\u00fancio oficial foi feito pelo governador<em>&nbsp;Mauro Carlesse (DEM)<\/em>&nbsp;na&nbsp; \u00faltima segunda-feira, 16, no Pal\u00e1cio Araguaia, ao apresentar o resultado do Relat\u00f3rio Geral Fiscal &#8216;do 2\u00ba quadrimestre de 2019.<\/p>\n\n\n\n<p>Na ocasi\u00e3o, L\u00e9o ressaltou a import\u00e2ncia do Estado ter conseguido reduzir o \u00edndice atual da receita l\u00edquida em gastos com pessoal para de 47,67%, abaixo do limite legal de 49,27%. &#8220;A inten\u00e7\u00e3o \u00e9 manter este enxugamento e de chegar no equil\u00edbrio fiscal de at\u00e9 R$ 935 milh\u00f5es at\u00e9 o m\u00eas de dezembro. Isso reflete muito na vida das pessoas, porque o dinheiro sobra e a capacidade de investimento do Estado consequentemente aumenta&#8221;, destacou.<\/p>\n\n\n\n<p>L\u00e9o ressaltou que o plano de recupera\u00e7\u00e3o fiscal exige muitos sacrif\u00edcios e que o equil\u00edbrio nas contas p\u00fablicas come\u00e7am agora a refletir na sa\u00fade financeira do estado. &#8220;Depois de muitos anos, o pagamento do servidor come\u00e7a a cair em dia, a partir do pr\u00f3ximo m\u00eas, al\u00e9m disso, o servidor tamb\u00e9m tem recebido o seu 13\u00ba sal\u00e1rio no m\u00eas que faz anivers\u00e1rio e isso \u00e9 resultado do esfor\u00e7o que o governo tem feito para atender as demandas\u201d, comentou Barbosa.<\/p>\n\n\n\n<p>Ainda de acordo com o parlamentar, o enquadramento na LRF s\u00f3 foi poss\u00edvel com o aumento da receita,&nbsp;corte das despesas de custeio e de pessoal. &#8220;N\u00e3o \u00e9 apenas cortar por cortar, \u00e9 buscar otimizar a qualidade dos servi\u00e7os p\u00fablicos, melhorando a capacidade de investimento, pagando o servidor em dia e isso o governo tem feito&#8221;, completou.<br><\/p>\n","protected":false},"excerpt":{"rendered":"<p>O deputado estadual L\u00e9o Barbosa comentou, durante a sess\u00e3o ordin\u00e1ria desta ter\u00e7a-feira, 17, na Assembleia Legislativa, sobre o reenquadramento do Estado do Tocantins na Lei de Responsabilidade Fiscal (LRF). O an\u00fancio oficial foi feito pelo governador&nbsp;Mauro Carlesse (DEM)&nbsp;na&nbsp; \u00faltima segunda-feira, 16, no Pal\u00e1cio Araguaia, ao apresentar o resultado do Relat\u00f3rio Geral Fiscal &#8216;do 2\u00ba quadrimestre [&hellip;]<\/p>\n","protected":false},"author":2,"featured_media":4051,"comment_status":"open","ping_status":"open","sticky":false,"template":"","format":"standard","meta":[],"categories":[8],"tags":[],"_links":{"self":[{"href":"https:\/\/dgospel.com.br\/portal\/index.php\/wp-json\/wp\/v2\/posts\/4050"}],"collection":[{"href":"https:\/\/dgospel.com.br\/portal\/index.php\/wp-json\/wp\/v2\/posts"}],"about":[{"href":"https:\/\/dgospel.com.br\/portal\/index.php\/wp-json\/wp\/v2\/types\/post"}],"author":[{"embeddable":true,"href":"https:\/\/dgospel.com.br\/portal\/index.php\/wp-json\/wp\/v2\/users\/2"}],"replies":[{"embeddable":true,"href":"https:\/\/dgospel.com.br\/portal\/index.php\/wp-json\/wp\/v2\/comments?post=4050"}],"version-history":[{"count":1,"href":"https:\/\/dgospel.com.br\/portal\/index.php\/wp-json\/wp\/v2\/posts\/4050\/revisions"}],"predecessor-version":[{"id":4052,"href":"https:\/\/dgospel.com.br\/portal\/index.php\/wp-json\/wp\/v2\/posts\/4050\/revisions\/4052"}],"wp:featuredmedia":[{"embeddable":true,"href":"https:\/\/dgospel.com.br\/portal\/index.php\/wp-json\/wp\/v2\/media\/4051"}],"wp:attachment":[{"href":"https:\/\/dgospel.com.br\/portal\/index.php\/wp-json\/wp\/v2\/media?parent=4050"}],"wp:term":[{"taxonomy":"category","embeddable":true,"href":"https:\/\/dgospel.com.br\/portal\/index.php\/wp-json\/wp\/v2\/categories?post=4050"},{"taxonomy":"post_tag","embeddable":true,"href":"https:\/\/dgospel.com.br\/portal\/index.php\/wp-json\/wp\/v2\/tags?post=4050"}],"curies":[{"name":"wp","href":"https:\/\/api.w.org\/{rel}","templated":true}]}}