{"id":4053,"date":"2019-09-20T16:58:42","date_gmt":"2019-09-20T19:58:42","guid":{"rendered":"http:\/\/dgospel.com.br\/portal\/?p=4053"},"modified":"2019-09-20T16:58:47","modified_gmt":"2019-09-20T19:58:47","slug":"ex-vereador-e-feito-refem-durante-assalto-em-fazenda-de-porto-nacional","status":"publish","type":"post","link":"https:\/\/dgospel.com.br\/portal\/index.php\/2019\/09\/20\/ex-vereador-e-feito-refem-durante-assalto-em-fazenda-de-porto-nacional\/","title":{"rendered":"Ex-vereador \u00e9 feito ref\u00e9m durante assalto em fazenda de Porto Nacional"},"content":{"rendered":"\n<p>Criminosos invadiram uma fazenda na zona rural de Porto Nacional e fizeram um ex-vereador da cidade como ref\u00e9m. A Pol\u00edcia Militar foi chamada e os suspeitos fugiram, mas ainda conseguiram levar alguns objetos da v\u00edtima. Ningu\u00e9m se feriu.<\/p>\n\n\n\n<p>De acordo com a Pol\u00edcia Militar, quatro criminosos invadiram a propriedade na tarde desta quinta-feira (19). O dono do local \u00e9 o ex-vereador Adelson Bonfim da Natividade. Ele contou \u00e0 pol\u00edcia que foi surpreendido por quatro indiv\u00edduos armados com uma arma longa e um rev\u00f3lver.<\/p>\n\n\n\n<p>O ex-vereador correu para dentro da casa ao avistar os criminosos e conseguiu ligar para o seu filho, que \u00e9 policial militar. Depois foi rendido pelos criminosos e trancado em um quarto.<\/p>\n\n\n\n<p>Os suspeitos come\u00e7aram a carregar a caminhonete do fazendeiro com v\u00e1rios objetos de valor, mas notaram a chegada da Pol\u00edcia Militar e fugiram para um matagal. Eles ainda conseguiram levar a carteira da v\u00edtima, com documentos e cart\u00f5es de bancos, al\u00e9m de joias e celulares.<\/p>\n\n\n\n<p>Os militares fizeram buscas na regi\u00e3o, mas n\u00e3o conseguiram localizar os criminosos.<\/p>\n\n\n\n<p>Fonte: <strong> G1 Tocantins<\/strong><\/p>\n","protected":false},"excerpt":{"rendered":"<p>Criminosos invadiram uma fazenda na zona rural de Porto Nacional e fizeram um ex-vereador da cidade como ref\u00e9m. A Pol\u00edcia Militar foi chamada e os suspeitos fugiram, mas ainda conseguiram levar alguns objetos da v\u00edtima. Ningu\u00e9m se feriu. De acordo com a Pol\u00edcia Militar, quatro criminosos invadiram a propriedade na tarde desta quinta-feira (19). O [&hellip;]<\/p>\n","protected":false},"author":2,"featured_media":4054,"comment_status":"open","ping_status":"open","sticky":false,"template":"","format":"standard","meta":[],"categories":[3,10],"tags":[],"_links":{"self":[{"href":"https:\/\/dgospel.com.br\/portal\/index.php\/wp-json\/wp\/v2\/posts\/4053"}],"collection":[{"href":"https:\/\/dgospel.com.br\/portal\/index.php\/wp-json\/wp\/v2\/posts"}],"about":[{"href":"https:\/\/dgospel.com.br\/portal\/index.php\/wp-json\/wp\/v2\/types\/post"}],"author":[{"embeddable":true,"href":"https:\/\/dgospel.com.br\/portal\/index.php\/wp-json\/wp\/v2\/users\/2"}],"replies":[{"embeddable":true,"href":"https:\/\/dgospel.com.br\/portal\/index.php\/wp-json\/wp\/v2\/comments?post=4053"}],"version-history":[{"count":1,"href":"https:\/\/dgospel.com.br\/portal\/index.php\/wp-json\/wp\/v2\/posts\/4053\/revisions"}],"predecessor-version":[{"id":4055,"href":"https:\/\/dgospel.com.br\/portal\/index.php\/wp-json\/wp\/v2\/posts\/4053\/revisions\/4055"}],"wp:featuredmedia":[{"embeddable":true,"href":"https:\/\/dgospel.com.br\/portal\/index.php\/wp-json\/wp\/v2\/media\/4054"}],"wp:attachment":[{"href":"https:\/\/dgospel.com.br\/portal\/index.php\/wp-json\/wp\/v2\/media?parent=4053"}],"wp:term":[{"taxonomy":"category","embeddable":true,"href":"https:\/\/dgospel.com.br\/portal\/index.php\/wp-json\/wp\/v2\/categories?post=4053"},{"taxonomy":"post_tag","embeddable":true,"href":"https:\/\/dgospel.com.br\/portal\/index.php\/wp-json\/wp\/v2\/tags?post=4053"}],"curies":[{"name":"wp","href":"https:\/\/api.w.org\/{rel}","templated":true}]}}