{"id":4060,"date":"2019-09-23T17:21:29","date_gmt":"2019-09-23T20:21:29","guid":{"rendered":"http:\/\/dgospel.com.br\/portal\/?p=4060"},"modified":"2019-09-23T17:21:31","modified_gmt":"2019-09-23T20:21:31","slug":"vice-governador-participa-de-evento-no-tce-e-ressalta-medidas-do-governo-que-refletem-na-economia-e-desenvolvimento-do-estado","status":"publish","type":"post","link":"https:\/\/dgospel.com.br\/portal\/index.php\/2019\/09\/23\/vice-governador-participa-de-evento-no-tce-e-ressalta-medidas-do-governo-que-refletem-na-economia-e-desenvolvimento-do-estado\/","title":{"rendered":"Vice-governador participa de evento no TCE e ressalta medidas do Governo que refletem na economia e desenvolvimento do Estado"},"content":{"rendered":"\n<p>O Sebrae Tocantins e Tribunal de Contas do Estado (TCE) promoveram nesta segunda-feira, 23, o Encontro Estadual de Atores do Desenvolvimento e Governan\u00e7a. O evento realizado no audit\u00f3rio do TCE, em Palmas, discutiu a import\u00e2ncia do fortalecimento econ\u00f4mico por meio do empreendedorismo. O vice-governador Wanderlei Barbosa participou do evento representando o governador do Estado, Mauro Carlesse.<\/p>\n\n\n\n<p>O presidente do TCE,&nbsp;Severiano Costandrade, lan\u00e7ou a 12\u00aa edi\u00e7\u00e3o do projeto Agenda Cidad\u00e3, com o tema \u201cGovernan\u00e7a e Tecnologia \u2013 desafios e oportunidades\u201d, previsto para ocorrer entre os dias 7 e 31 de outubro, em cinco regionais do Estado.<\/p>\n\n\n\n<p>Wanderlei Barbosa destacou medidas do Governo que refletem na economia e no desenvolvimento do Estado, como o enquadramento na Lei de Responsabilidade Fiscal (LRF) e o car\u00e1ter municipalista do Governo do Estado. \u201cO Estado organizado, ele cuida de seus munic\u00edpios, buscamos parcerias e informa\u00e7\u00e3o, dentro da legalidade\u201d, ressaltou.<\/p>\n\n\n\n<p>O vice-governador destacou tamb\u00e9m as a\u00e7\u00f5es do Governo para fortalecer a economia dos munic\u00edpios com incentivos \u00e0s pequenas e m\u00e9dias empresas, e buscando atrair grandes ind\u00fastrias para o Tocantins.<\/p>\n\n\n\n<p><strong>Programa\u00e7\u00e3o<\/strong><\/p>\n\n\n\n<p>O encontro contou com a palestra \u201cSebrae e Munic\u00edpios \u2013 Parceria que Gera Desenvolvimento\u201d, ministrada pelo diretor superintendente do Sebrae\/TO, Mois\u00e9s Gomes e apresentou o caso de sucesso do munic\u00edpio de Paragominas (PA), ministrado pelo prefeito Paulo Pombo e pela agente de desenvolvimento, Valqu\u00edria Senna, no painel \u201cParagominas &#8211; semeando trabalho, colhendo desenvolvimento\u201d.<\/p>\n","protected":false},"excerpt":{"rendered":"<p>O Sebrae Tocantins e Tribunal de Contas do Estado (TCE) promoveram nesta segunda-feira, 23, o Encontro Estadual de Atores do Desenvolvimento e Governan\u00e7a. O evento realizado no audit\u00f3rio do TCE, em Palmas, discutiu a import\u00e2ncia do fortalecimento econ\u00f4mico por meio do empreendedorismo. O vice-governador Wanderlei Barbosa participou do evento representando o governador do Estado, Mauro [&hellip;]<\/p>\n","protected":false},"author":2,"featured_media":4061,"comment_status":"open","ping_status":"open","sticky":false,"template":"","format":"standard","meta":[],"categories":[4],"tags":[],"_links":{"self":[{"href":"https:\/\/dgospel.com.br\/portal\/index.php\/wp-json\/wp\/v2\/posts\/4060"}],"collection":[{"href":"https:\/\/dgospel.com.br\/portal\/index.php\/wp-json\/wp\/v2\/posts"}],"about":[{"href":"https:\/\/dgospel.com.br\/portal\/index.php\/wp-json\/wp\/v2\/types\/post"}],"author":[{"embeddable":true,"href":"https:\/\/dgospel.com.br\/portal\/index.php\/wp-json\/wp\/v2\/users\/2"}],"replies":[{"embeddable":true,"href":"https:\/\/dgospel.com.br\/portal\/index.php\/wp-json\/wp\/v2\/comments?post=4060"}],"version-history":[{"count":1,"href":"https:\/\/dgospel.com.br\/portal\/index.php\/wp-json\/wp\/v2\/posts\/4060\/revisions"}],"predecessor-version":[{"id":4062,"href":"https:\/\/dgospel.com.br\/portal\/index.php\/wp-json\/wp\/v2\/posts\/4060\/revisions\/4062"}],"wp:featuredmedia":[{"embeddable":true,"href":"https:\/\/dgospel.com.br\/portal\/index.php\/wp-json\/wp\/v2\/media\/4061"}],"wp:attachment":[{"href":"https:\/\/dgospel.com.br\/portal\/index.php\/wp-json\/wp\/v2\/media?parent=4060"}],"wp:term":[{"taxonomy":"category","embeddable":true,"href":"https:\/\/dgospel.com.br\/portal\/index.php\/wp-json\/wp\/v2\/categories?post=4060"},{"taxonomy":"post_tag","embeddable":true,"href":"https:\/\/dgospel.com.br\/portal\/index.php\/wp-json\/wp\/v2\/tags?post=4060"}],"curies":[{"name":"wp","href":"https:\/\/api.w.org\/{rel}","templated":true}]}}