{"id":4064,"date":"2019-09-25T09:33:51","date_gmt":"2019-09-25T12:33:51","guid":{"rendered":"http:\/\/dgospel.com.br\/portal\/?p=4064"},"modified":"2019-09-25T09:33:53","modified_gmt":"2019-09-25T12:33:53","slug":"marcha-para-jesus-e-realizada-atraves-de-emenda-parlamentar-de-diogo-fernandes","status":"publish","type":"post","link":"https:\/\/dgospel.com.br\/portal\/index.php\/2019\/09\/25\/marcha-para-jesus-e-realizada-atraves-de-emenda-parlamentar-de-diogo-fernandes\/","title":{"rendered":"Marcha para Jesus \u00e9 realizada atrav\u00e9s de emenda parlamentar de Diogo Fernandes"},"content":{"rendered":"\n<p>\n\nNo \u00faltimo s\u00e1bado, 21, o vereador Diogo Fernandes participou do evento Marcha para Jesus, organizado pela Ordem dos Ministros do Evangelho de Palmas (OMEP), atrav\u00e9s de emenda parlamentar do par. A Marcha \u00e9 conhecida internacionalmente, ocorrendo todos os anos em v\u00e1rios pa\u00edses.<\/p>\n\n\n\n<p>O evento contou com a participa\u00e7\u00e3o de cerca de 10 mil fi\u00e9is de v\u00e1rias igrejas, que para Fernandes foi a oportunidade de fomentar um evento cultural gospel e crist\u00e3o na Capital. \u201cO evento foi um sucesso, registro meu orgulho e alegria em poder participar e apoiar um momento t\u00e3o gratificante como este. O evento ficar\u00e1 marcado na hist\u00f3ria de Palmas e na vida de todos que participaram. Um princ\u00edpio do bem, onde as pessoas percorreram avenidas da Capital a favor da vida\u201d, assegurou.<\/p>\n\n\n\n<p>A concentra\u00e7\u00e3o come\u00e7ou \u00e0s 16h30 na pra\u00e7a do Bosque, sendo realizada uma ora\u00e7\u00e3o pela cidade e os participantes guiados por um trio el\u00e9trico. O vereador agradeceu o apoio da prefeita Cinthia Ribeiro por fornecer a Guarda Metropolitana e a ATTM por garantirem a seguran\u00e7a de todos e tamb\u00e9m do Pastor Mauro, pela colabora\u00e7\u00e3o. &nbsp;<\/p>\n\n\n\n<p>&nbsp;\u201cMe sinto honrado em fazer parte desse evento do bem, onde n\u00e3o tivemos nenhuma ocorr\u00eancia policial ou qualquer tipo de conflito. Al\u00e9m disso, tivemos a inten\u00e7\u00e3o de envolver artistas regionais que fazem parte da cultura gospel, al\u00e9m de nomes reconhecidos nacionalmente\u201d, observou Fernandes.<\/p>\n\n\n\n<p>O vereador ainda ressaltou que a\u00e7\u00f5es como esta incentivam e fomentam a cultura Crist\u00e3, tendo em vista que grande parte da popula\u00e7\u00e3o da Capital \u00e9 evang\u00e9lica ou cat\u00f3lica.<\/p>\n\n\n\n<p><\/p>\n","protected":false},"excerpt":{"rendered":"<p>No \u00faltimo s\u00e1bado, 21, o vereador Diogo Fernandes participou do evento Marcha para Jesus, organizado pela Ordem dos Ministros do Evangelho de Palmas (OMEP), atrav\u00e9s de emenda parlamentar do par. A Marcha \u00e9 conhecida internacionalmente, ocorrendo todos os anos em v\u00e1rios pa\u00edses. O evento contou com a participa\u00e7\u00e3o de cerca de 10 mil fi\u00e9is de [&hellip;]<\/p>\n","protected":false},"author":2,"featured_media":4065,"comment_status":"open","ping_status":"open","sticky":false,"template":"","format":"standard","meta":[],"categories":[8],"tags":[],"_links":{"self":[{"href":"https:\/\/dgospel.com.br\/portal\/index.php\/wp-json\/wp\/v2\/posts\/4064"}],"collection":[{"href":"https:\/\/dgospel.com.br\/portal\/index.php\/wp-json\/wp\/v2\/posts"}],"about":[{"href":"https:\/\/dgospel.com.br\/portal\/index.php\/wp-json\/wp\/v2\/types\/post"}],"author":[{"embeddable":true,"href":"https:\/\/dgospel.com.br\/portal\/index.php\/wp-json\/wp\/v2\/users\/2"}],"replies":[{"embeddable":true,"href":"https:\/\/dgospel.com.br\/portal\/index.php\/wp-json\/wp\/v2\/comments?post=4064"}],"version-history":[{"count":1,"href":"https:\/\/dgospel.com.br\/portal\/index.php\/wp-json\/wp\/v2\/posts\/4064\/revisions"}],"predecessor-version":[{"id":4066,"href":"https:\/\/dgospel.com.br\/portal\/index.php\/wp-json\/wp\/v2\/posts\/4064\/revisions\/4066"}],"wp:featuredmedia":[{"embeddable":true,"href":"https:\/\/dgospel.com.br\/portal\/index.php\/wp-json\/wp\/v2\/media\/4065"}],"wp:attachment":[{"href":"https:\/\/dgospel.com.br\/portal\/index.php\/wp-json\/wp\/v2\/media?parent=4064"}],"wp:term":[{"taxonomy":"category","embeddable":true,"href":"https:\/\/dgospel.com.br\/portal\/index.php\/wp-json\/wp\/v2\/categories?post=4064"},{"taxonomy":"post_tag","embeddable":true,"href":"https:\/\/dgospel.com.br\/portal\/index.php\/wp-json\/wp\/v2\/tags?post=4064"}],"curies":[{"name":"wp","href":"https:\/\/api.w.org\/{rel}","templated":true}]}}