{"id":407,"date":"2018-05-29T18:31:12","date_gmt":"2018-05-29T21:31:12","guid":{"rendered":"http:\/\/dgospel.com.br\/portal\/?p=407"},"modified":"2018-05-29T18:31:12","modified_gmt":"2018-05-29T21:31:12","slug":"lucena-pede-a-temer-transferencia-da-embaixada-do-brasil-para-jerusalem-em-israel","status":"publish","type":"post","link":"https:\/\/dgospel.com.br\/portal\/index.php\/2018\/05\/29\/lucena-pede-a-temer-transferencia-da-embaixada-do-brasil-para-jerusalem-em-israel\/","title":{"rendered":"Lucena pede a Temer transfer\u00eancia da embaixada do Brasil para Jerusal\u00e9m, em Israel"},"content":{"rendered":"<p>Depois que o presidente dos Estados Unidos, Donald Trump,\u00a0<a href=\"https:\/\/guiame.com.br\/gospel\/israel\/deus-abencoe-jerusalem-diz-premie-de-israel-em-inauguracao-da-embaixada-dos-eua.html\"><strong>transferiu sua embaixada em Israel<\/strong><\/a>\u00a0de Tel Aviv para Jerusal\u00e9m, pa\u00edses latino-americanos como\u00a0<a href=\"https:\/\/guiame.com.br\/gospel\/israel\/seguindo-passos-de-trump-guatemala-ira-mover-embaixada-para-jerusalem-em-maio.html\"><strong>Guatemala<\/strong><\/a>\u00a0e\u00a0<a href=\"https:\/\/guiame.com.br\/gospel\/israel\/paraguai-pode-ser-o-primeiro-pais-da-america-do-sul-levar-embaixada-para-jerusalem.html\"><strong>Paraguai<\/strong><\/a>\u00a0seguiram a mesma decis\u00e3o. Honduras prometeu fazer o mesmo movimento.<\/p>\n<p>No Brasil, o primeiro passo em dire\u00e7\u00e3o ao reconhecimento de Jerusal\u00e9m como capital de Israel foi dado pelo deputado federal Roberto de Lucena, que enviou uma carta ao presidente da Rep\u00fablica, Michel Temer, solicitando que o Pa\u00eds transfira sua embaixada para a cidade.<\/p>\n<p>O deputado anunciou o pedido durante uma sess\u00e3o solene na C\u00e2mara dos Deputados, que homenageava os 70 anos da cria\u00e7\u00e3o do Estado de Israel. Ele recebeu apoio de l\u00edderes religiosos presentes na sess\u00e3o, principalmente de movimentos evang\u00e9licos e judeus.<\/p>\n<p>Lucena defende que todo Estado deve ter o direito de escolher a localiza\u00e7\u00e3o de sua capital, e com Israel n\u00e3o deveria ser diferente. \u201cNoventa por cento da popula\u00e7\u00e3o brasileira \u00e9 composta de crist\u00e3os que t\u00eam um forte v\u00ednculo com Israel. Se o governo fizesse um referendo, um grande n\u00famero de brasileiros votaria a favor da transfer\u00eancia da embaixada para Jerusal\u00e9m devido a essa conex\u00e3o, que \u00e9 mais espiritual do que pol\u00edtica\u201d, disse o parlamentar ao jornal Times Of Israel.<\/p>\n<p>Paulo de Tarso, representante do Conselho Apost\u00f3lico Brasileiro (CAB), disse que est\u00e1 feliz em ver l\u00edderes de segmentos crist\u00e3os e judeus \u201cdefenderem o reconhecimento de Jerusal\u00e9m como capital indivis\u00edvel do Estado de Israel e a mudan\u00e7a da embaixada [brasileira] para l\u00e1\u201d.<\/p>\n<p>\u201c\u00c9 hora de o Brasil se posicionar e transferir sua embaixada para Jerusal\u00e9m, porque o Brasil \u00e9 o pa\u00eds com os mais descendentes de judeus do planeta\u201d, afirmou o rabino Gilberto Ventura no evento.<\/p>\n<p><strong>Apoio entre crist\u00e3os<\/strong><\/p>\n<p>Na C\u00e2mara dos Deputados, uma comiss\u00e3o voltada para as rela\u00e7\u00f5es Brasil-Israel \u00e9 formada por 46 congressistas. Al\u00e9m do apoio demonstrado no Congresso, peti\u00e7\u00f5es online est\u00e3o surgindo nas m\u00eddias sociais e sites de diferentes movimentos evang\u00e9licos e judeus.<\/p>\n<p>Em sua p\u00e1gina no Facebook, o pastor Joel Engel promoveu uma\u00a0<strong><a href=\"https:\/\/www.change.org\/p\/minist%C3%A9rio-das-rela%C3%A7%C3%B5es-exteriores-do-brasil-queremos-a-mudan%C3%A7a-da-embaixada-brasileira-em-israel-para-jerusal%C3%A9m?utm_source=embedded_petition_view\" target=\"_blank\" rel=\"noopener\">peti\u00e7\u00e3o p\u00fablica<\/a><\/strong>\u00a0para convencer o governo brasileiro a transferir a embaixada para Jerusal\u00e9m. A Associa\u00e7\u00e3o Sionista Brasil-Israel (ASBI) iniciou uma\u00a0peti\u00e7\u00e3o online semelhante.<\/p>\n<p>Analistas pol\u00edticos observam que grande parte do apoio que Israel recebe no Brasil hoje vem dos evang\u00e9licos, assim como vem acontecendo nos EUA.<\/p>\n<p>\u201cEm sua escatologia, a cria\u00e7\u00e3o do Estado de Israel, a unifica\u00e7\u00e3o de Jerusal\u00e9m e seu reconhecimento como capital, a reconstru\u00e7\u00e3o do Terceiro Templo, tudo isso ir\u00e1 acelerar o retorno de Jesus\u201d, analisa Marta F. Topel, pesquisadora e professora de Estudos Judaicos da Universidade de S\u00e3o Paulo.<\/p>\n<p>FONTE: GUIAME, COM INFORMA\u00c7\u00d5ES DE TIMES OF ISRAEL<\/p>\n","protected":false},"excerpt":{"rendered":"<p>Depois que o presidente dos Estados Unidos, Donald Trump,\u00a0transferiu sua embaixada em Israel\u00a0de Tel Aviv para Jerusal\u00e9m, pa\u00edses latino-americanos como\u00a0Guatemala\u00a0e\u00a0Paraguai\u00a0seguiram a mesma decis\u00e3o. Honduras prometeu fazer o mesmo movimento. No Brasil, o primeiro passo em dire\u00e7\u00e3o ao reconhecimento de Jerusal\u00e9m como capital de Israel foi dado pelo deputado federal Roberto de Lucena, que enviou uma [&hellip;]<\/p>\n","protected":false},"author":2,"featured_media":408,"comment_status":"open","ping_status":"open","sticky":false,"template":"","format":"standard","meta":[],"categories":[2,5,6],"tags":[],"_links":{"self":[{"href":"https:\/\/dgospel.com.br\/portal\/index.php\/wp-json\/wp\/v2\/posts\/407"}],"collection":[{"href":"https:\/\/dgospel.com.br\/portal\/index.php\/wp-json\/wp\/v2\/posts"}],"about":[{"href":"https:\/\/dgospel.com.br\/portal\/index.php\/wp-json\/wp\/v2\/types\/post"}],"author":[{"embeddable":true,"href":"https:\/\/dgospel.com.br\/portal\/index.php\/wp-json\/wp\/v2\/users\/2"}],"replies":[{"embeddable":true,"href":"https:\/\/dgospel.com.br\/portal\/index.php\/wp-json\/wp\/v2\/comments?post=407"}],"version-history":[{"count":1,"href":"https:\/\/dgospel.com.br\/portal\/index.php\/wp-json\/wp\/v2\/posts\/407\/revisions"}],"predecessor-version":[{"id":409,"href":"https:\/\/dgospel.com.br\/portal\/index.php\/wp-json\/wp\/v2\/posts\/407\/revisions\/409"}],"wp:featuredmedia":[{"embeddable":true,"href":"https:\/\/dgospel.com.br\/portal\/index.php\/wp-json\/wp\/v2\/media\/408"}],"wp:attachment":[{"href":"https:\/\/dgospel.com.br\/portal\/index.php\/wp-json\/wp\/v2\/media?parent=407"}],"wp:term":[{"taxonomy":"category","embeddable":true,"href":"https:\/\/dgospel.com.br\/portal\/index.php\/wp-json\/wp\/v2\/categories?post=407"},{"taxonomy":"post_tag","embeddable":true,"href":"https:\/\/dgospel.com.br\/portal\/index.php\/wp-json\/wp\/v2\/tags?post=407"}],"curies":[{"name":"wp","href":"https:\/\/api.w.org\/{rel}","templated":true}]}}