{"id":4070,"date":"2019-09-26T08:56:03","date_gmt":"2019-09-26T11:56:03","guid":{"rendered":"http:\/\/dgospel.com.br\/portal\/?p=4070"},"modified":"2019-09-26T08:56:05","modified_gmt":"2019-09-26T11:56:05","slug":"discussao-sobre-depressao-e-suicidio-resulta-em-projetos-de-lei","status":"publish","type":"post","link":"https:\/\/dgospel.com.br\/portal\/index.php\/2019\/09\/26\/discussao-sobre-depressao-e-suicidio-resulta-em-projetos-de-lei\/","title":{"rendered":"Discuss\u00e3o sobre depress\u00e3o e suic\u00eddio resulta em Projetos de Lei"},"content":{"rendered":"\n<p>\n\nA reuni\u00e3o p\u00fablica realizada na C\u00e2mara de Vereadores de Palmas, idealizada pelo vereador Rog\u00e9rio Freitas nesta ter\u00e7a, 24, a qual abordou o combate ao suic\u00eddio e depress\u00e3o, apresentar\u00e1 como resultado, a proposi\u00e7\u00e3o de Projetos de Lei, que venham a tornar-se pol\u00edticas p\u00fablicas com aplica\u00e7\u00e3o efetiva na sociedade.<\/p>\n\n\n\n<p>O parlamentar chama aten\u00e7\u00e3o para a import\u00e2ncia em abordar e ouvir o tema por especialistas e pessoas que atuam diretamente com as pessoas como professores, psic\u00f3logos e assistentes sociais, para promover pol\u00edticas p\u00fablicas que vem de encontro a esse mal. \u201cPrecisamos de pol\u00edticas que atendam as pessoas ao darem os primeiros sinais de que ir\u00e3o atentar contra a pr\u00f3pria vida. Os n\u00fameros s\u00e3o assustadores, e segundo a Secretaria de Seguran\u00e7a P\u00fablica do Tocantins, neste ano foram registrados 51 casos de suic\u00eddio em todo o Estado, sendo 15 em Palmas\u201d, contou Freitas.<\/p>\n\n\n\n<p>A Professora de Psicologia e coordenadora do Programa Centro de Valoriza\u00e7\u00e3o da Vida de Palmas (CVV), Ana Paula Cavalcante explicou o trabalho realizado pela entidade, sem fins lucrativos, que oferece apoio emocional para pessoas que precisam, durante 24h por dia, com objetivo de combater a depress\u00e3o e o suic\u00eddio. \u201cHoje contamos com 15 volunt\u00e1rios para manter o posto e realizar os plant\u00f5es. O n\u00famero de tentativas de suic\u00eddio no Brasil \u00e9 muito grande, sendo o pa\u00eds com o maior n\u00famero de pessoas com ansiedade. Precisamos de parcerias e pessoas para ajudar o Programa\u201d, observou.<\/p>\n\n\n\n<p>Para Freitas, os n\u00fameros s\u00e3o inaceit\u00e1veis, um mal que t\u00eam atingindo todas as idades e classes sociais. Ele afirma que os parlamentares se preocupam com essas vidas e relatou que ir\u00e1 apresentar Projetos de Lei que disp\u00f5e sobre a\u00e7\u00f5es de combate ao suic\u00eddio e promo\u00e7\u00e3o do direto ao acesso \u00e0 sa\u00fade mental e a obrigatoriedade da presen\u00e7a de profissionais de psicologia nas escolas de ensino infantil e fundamental.<\/p>\n\n\n\n<p>Os presentes foram convidados a apontar fatores e propostas que poderiam compor Projetos de Lei os quais objetivam &nbsp;fortalecer o combate \u00e0 depress\u00e3o e suic\u00eddio. Cada participante p\u00f4de contribuir com o compartilhamento de ideias e propostas baseadas nas suas t\u00e9cnicas e viv\u00eancias di\u00e1rias na lida com o tema.<\/p>\n\n\n\n<p>Tamb\u00e9m participaram da reuni\u00e3o representantes da Secretaria de Seguran\u00e7a P\u00fablica do Tocantins, do Instituto Federal do Tocantins (IFTO), da Secretaria Municipal de Educa\u00e7\u00e3o (SEMED), da Assembleia de Deus CIADSETA, da Secretaria de Desenvolvimento Social, do Conselho Regional de Servi\u00e7o Social (CRASS), do Conselho Municipal da Sa\u00fade, do N\u00facleo Ampliado de Sa\u00fade da Fam\u00edlia e Aten\u00e7\u00e3o B\u00e1sica (NASF-AB), da Universidade Federal do Tocantins \u2013 Promo\u00e7\u00e3o \u00e0 vida.<\/p>\n\n\n\n<p><\/p>\n","protected":false},"excerpt":{"rendered":"<p>A reuni\u00e3o p\u00fablica realizada na C\u00e2mara de Vereadores de Palmas, idealizada pelo vereador Rog\u00e9rio Freitas nesta ter\u00e7a, 24, a qual abordou o combate ao suic\u00eddio e depress\u00e3o, apresentar\u00e1 como resultado, a proposi\u00e7\u00e3o de Projetos de Lei, que venham a tornar-se pol\u00edticas p\u00fablicas com aplica\u00e7\u00e3o efetiva na sociedade. O parlamentar chama aten\u00e7\u00e3o para a import\u00e2ncia em [&hellip;]<\/p>\n","protected":false},"author":2,"featured_media":4071,"comment_status":"open","ping_status":"open","sticky":false,"template":"","format":"standard","meta":[],"categories":[8],"tags":[],"_links":{"self":[{"href":"https:\/\/dgospel.com.br\/portal\/index.php\/wp-json\/wp\/v2\/posts\/4070"}],"collection":[{"href":"https:\/\/dgospel.com.br\/portal\/index.php\/wp-json\/wp\/v2\/posts"}],"about":[{"href":"https:\/\/dgospel.com.br\/portal\/index.php\/wp-json\/wp\/v2\/types\/post"}],"author":[{"embeddable":true,"href":"https:\/\/dgospel.com.br\/portal\/index.php\/wp-json\/wp\/v2\/users\/2"}],"replies":[{"embeddable":true,"href":"https:\/\/dgospel.com.br\/portal\/index.php\/wp-json\/wp\/v2\/comments?post=4070"}],"version-history":[{"count":1,"href":"https:\/\/dgospel.com.br\/portal\/index.php\/wp-json\/wp\/v2\/posts\/4070\/revisions"}],"predecessor-version":[{"id":4072,"href":"https:\/\/dgospel.com.br\/portal\/index.php\/wp-json\/wp\/v2\/posts\/4070\/revisions\/4072"}],"wp:featuredmedia":[{"embeddable":true,"href":"https:\/\/dgospel.com.br\/portal\/index.php\/wp-json\/wp\/v2\/media\/4071"}],"wp:attachment":[{"href":"https:\/\/dgospel.com.br\/portal\/index.php\/wp-json\/wp\/v2\/media?parent=4070"}],"wp:term":[{"taxonomy":"category","embeddable":true,"href":"https:\/\/dgospel.com.br\/portal\/index.php\/wp-json\/wp\/v2\/categories?post=4070"},{"taxonomy":"post_tag","embeddable":true,"href":"https:\/\/dgospel.com.br\/portal\/index.php\/wp-json\/wp\/v2\/tags?post=4070"}],"curies":[{"name":"wp","href":"https:\/\/api.w.org\/{rel}","templated":true}]}}