{"id":4079,"date":"2019-09-26T10:13:47","date_gmt":"2019-09-26T13:13:47","guid":{"rendered":"http:\/\/dgospel.com.br\/portal\/?p=4079"},"modified":"2019-09-26T10:13:49","modified_gmt":"2019-09-26T13:13:49","slug":"programa-pretende-reabilitar-agressores-envolvidos-em-violencia-domestica","status":"publish","type":"post","link":"https:\/\/dgospel.com.br\/portal\/index.php\/2019\/09\/26\/programa-pretende-reabilitar-agressores-envolvidos-em-violencia-domestica\/","title":{"rendered":"Programa pretende reabilitar agressores envolvidos em viol\u00eancia dom\u00e9stica"},"content":{"rendered":"\n<p>A deputada Vanda Monteiro \u00e9 autora de um projeto que tramita na Comiss\u00e3o de Constitui\u00e7\u00e3o, Justi\u00e7a e Reda\u00e7\u00e3o (CCJ), que institui o Programa de reabilita\u00e7\u00e3o de pessoas agressoras nos casos de viol\u00eancia dom\u00e9stica e familiar. A mat\u00e9ria tem o objetivo de prevenir e combater a viol\u00eancia dom\u00e9stica, reduzindo a reincid\u00eancia. O programa tamb\u00e9m ter\u00e1 a finalidade de conscientizar a popula\u00e7\u00e3o sobre a situa\u00e7\u00e3o da viol\u00eancia contra a mulher.<br><\/p>\n\n\n\n<p>A ideia \u00e9 que o programa seja executado pelo Governo do Estado em parceria com o Poder Judici\u00e1rio Estadual e o Minist\u00e9rio P\u00fablico Estadual. De acordo com o texto proposto, os participantes do programa ser\u00e3o selecionados e indicados pelo Minist\u00e9rio P\u00fablico, devendo ser intimados pelo Poder Judici\u00e1rio do Estado. Caso a mat\u00e9ria seja aprovada, participar\u00e3o da elabora\u00e7\u00e3o do programa, psic\u00f3logos, assistentes sociais, rede protetiva de Direitos da Mulher, membros do Minist\u00e9rio P\u00fablico e do Poder Judici\u00e1rio do Estado.<\/p>\n\n\n\n<p>Para a autora da proposta, o projeto pretende regulamentar o trabalho j\u00e1 executado por meio do N\u00facleo Maria da Penha, do Minist\u00e9rio P\u00fablico do Estado, no qual por meio do atendimento foi poss\u00edvel perceber a necessidade de ajudar o agressor a n\u00e3o reincidir.<\/p>\n","protected":false},"excerpt":{"rendered":"<p>A deputada Vanda Monteiro \u00e9 autora de um projeto que tramita na Comiss\u00e3o de Constitui\u00e7\u00e3o, Justi\u00e7a e Reda\u00e7\u00e3o (CCJ), que institui o Programa de reabilita\u00e7\u00e3o de pessoas agressoras nos casos de viol\u00eancia dom\u00e9stica e familiar. A mat\u00e9ria tem o objetivo de prevenir e combater a viol\u00eancia dom\u00e9stica, reduzindo a reincid\u00eancia. O programa tamb\u00e9m ter\u00e1 a [&hellip;]<\/p>\n","protected":false},"author":2,"featured_media":4080,"comment_status":"open","ping_status":"open","sticky":false,"template":"","format":"standard","meta":[],"categories":[8],"tags":[],"_links":{"self":[{"href":"https:\/\/dgospel.com.br\/portal\/index.php\/wp-json\/wp\/v2\/posts\/4079"}],"collection":[{"href":"https:\/\/dgospel.com.br\/portal\/index.php\/wp-json\/wp\/v2\/posts"}],"about":[{"href":"https:\/\/dgospel.com.br\/portal\/index.php\/wp-json\/wp\/v2\/types\/post"}],"author":[{"embeddable":true,"href":"https:\/\/dgospel.com.br\/portal\/index.php\/wp-json\/wp\/v2\/users\/2"}],"replies":[{"embeddable":true,"href":"https:\/\/dgospel.com.br\/portal\/index.php\/wp-json\/wp\/v2\/comments?post=4079"}],"version-history":[{"count":1,"href":"https:\/\/dgospel.com.br\/portal\/index.php\/wp-json\/wp\/v2\/posts\/4079\/revisions"}],"predecessor-version":[{"id":4081,"href":"https:\/\/dgospel.com.br\/portal\/index.php\/wp-json\/wp\/v2\/posts\/4079\/revisions\/4081"}],"wp:featuredmedia":[{"embeddable":true,"href":"https:\/\/dgospel.com.br\/portal\/index.php\/wp-json\/wp\/v2\/media\/4080"}],"wp:attachment":[{"href":"https:\/\/dgospel.com.br\/portal\/index.php\/wp-json\/wp\/v2\/media?parent=4079"}],"wp:term":[{"taxonomy":"category","embeddable":true,"href":"https:\/\/dgospel.com.br\/portal\/index.php\/wp-json\/wp\/v2\/categories?post=4079"},{"taxonomy":"post_tag","embeddable":true,"href":"https:\/\/dgospel.com.br\/portal\/index.php\/wp-json\/wp\/v2\/tags?post=4079"}],"curies":[{"name":"wp","href":"https:\/\/api.w.org\/{rel}","templated":true}]}}