{"id":4085,"date":"2019-09-26T10:27:21","date_gmt":"2019-09-26T13:27:21","guid":{"rendered":"http:\/\/dgospel.com.br\/portal\/?p=4085"},"modified":"2019-09-26T10:27:25","modified_gmt":"2019-09-26T13:27:25","slug":"andressa-urach-faz-acao-em-tribo-indigena-levando-a-palavra-de-deus","status":"publish","type":"post","link":"https:\/\/dgospel.com.br\/portal\/index.php\/2019\/09\/26\/andressa-urach-faz-acao-em-tribo-indigena-levando-a-palavra-de-deus\/","title":{"rendered":"Andressa Urach faz a\u00e7\u00e3o em tribo ind\u00edgena: \u201cLevando a palavra de Deus\u201d"},"content":{"rendered":"\n<p><a href=\"https:\/\/guiame.com.br\/gospel\/noticias\/nao-preciso-mais-da-fama-jesus-me-completa-diz-andressa-urach.html\"><strong>Andressa Urach<\/strong><\/a>&nbsp;visitou uma tribo ind\u00edgena no \u00faltimo domingo (22) em Porto Alegre, no Rio Grande do Sul, para levar cestas b\u00e1sicas e a mensagem do Evangelho.<\/p>\n\n\n\n<p>\u201cLevando a palavra de Deus para a tribo ind\u00edgena Aldeia Charrua Polidoro, em Porto Alegre\u201d, disse Andressa na legenda de um v\u00eddeo publicado no Instagram.<\/p>\n\n\n\n<p>Nas imagens, ela aparece ao lado de Acuab, primeira mulher cacica-geral do povo charrua e principal lideran\u00e7a na aldeia Polidoro. \u201cViemos fazer uma ora\u00e7\u00e3o pela senhora\u201d, disse Andressa no v\u00eddeo.<\/p>\n\n\n\n<p>Ela esteve acompanhada do bispo Freitas, da Igreja Universal do Reino de Deus, e outros membros da denomina\u00e7\u00e3o. Juntos eles&nbsp;<a href=\"https:\/\/guiame.com.br\/gospel\/missoes-acao-social\/andressa-urach-evangeliza-prostitutas-e-travestis-no-rio-ganhar-almas-e-nossa-missao.html\"><strong>ministraram a palavra de Deus<\/strong><\/a>&nbsp;e levaram roupas e alimentos.<\/p>\n\n\n\n<p>\u201cVamos tomar um caf\u00e9 agora. A gente n\u00e3o tinha caf\u00e9, n\u00e3o tinha a\u00e7\u00facar, n\u00e3o tinha nada, mas nossa f\u00e9 [est\u00e1 no c\u00e9u]. E agora vamos tomar um caf\u00e9 de verdade. Que Deus aben\u00e7oe a Universal e as outras igrejas\u201d, disse Acuab.<\/p>\n\n\n\n<p>Em 2008, a cacica conseguiu entregar um documento com o pedido de reconhecimento de seu povo, que seria oficializado pela Funai em setembro de 2007. No ano seguinte, a prefeitura transformou&nbsp;<\/p>\n\n\n\n<p>Cerca de nove fam\u00edlias vivem na aldeia Polidoro, de acordo com a BBC Brasil. A \u00e1rea de 8,6 hectares, na zona sul de Porto Alegre, foi transformada em reserva ind\u00edgena municipal em 2008, depois de ser oficializada pela Funai no ano anterior.<\/p>\n\n\n\n<p>O grupo vive sob condi\u00e7\u00f5es prec\u00e1rias de moradia, em pequenas casas de madeira e ch\u00e3o batido. Parte dos \u00edndios vivem de doa\u00e7\u00f5es e trabalham com a produ\u00e7\u00e3o de artesanato e cultivo de frutas, legumes e ra\u00edzes como mandioca.&nbsp;<\/p>\n\n\n\n<p>Nas redes sociais, Andressa fez um apelo para doa\u00e7\u00f5es em favor da tribo. \u201cQuem puder nos ajudar com doa\u00e7\u00e3o de roupas e alimentos para levar pra eles, pois passam muita necessidade, me procura na catedral da Av. J\u00falio de Castilhos 607, centro! Domingo 9h. Ou visita a tribo e ajuda eles com doa\u00e7\u00f5es que Deus vai te retribuir mil vezes mais\u201d.&nbsp;<\/p>\n\n\n\n<p>\n\nFONTE: GUIAME\n\n<\/p>\n","protected":false},"excerpt":{"rendered":"<p>Andressa Urach&nbsp;visitou uma tribo ind\u00edgena no \u00faltimo domingo (22) em Porto Alegre, no Rio Grande do Sul, para levar cestas b\u00e1sicas e a mensagem do Evangelho. \u201cLevando a palavra de Deus para a tribo ind\u00edgena Aldeia Charrua Polidoro, em Porto Alegre\u201d, disse Andressa na legenda de um v\u00eddeo publicado no Instagram. Nas imagens, ela aparece [&hellip;]<\/p>\n","protected":false},"author":2,"featured_media":4086,"comment_status":"open","ping_status":"open","sticky":false,"template":"","format":"standard","meta":[],"categories":[5],"tags":[],"_links":{"self":[{"href":"https:\/\/dgospel.com.br\/portal\/index.php\/wp-json\/wp\/v2\/posts\/4085"}],"collection":[{"href":"https:\/\/dgospel.com.br\/portal\/index.php\/wp-json\/wp\/v2\/posts"}],"about":[{"href":"https:\/\/dgospel.com.br\/portal\/index.php\/wp-json\/wp\/v2\/types\/post"}],"author":[{"embeddable":true,"href":"https:\/\/dgospel.com.br\/portal\/index.php\/wp-json\/wp\/v2\/users\/2"}],"replies":[{"embeddable":true,"href":"https:\/\/dgospel.com.br\/portal\/index.php\/wp-json\/wp\/v2\/comments?post=4085"}],"version-history":[{"count":1,"href":"https:\/\/dgospel.com.br\/portal\/index.php\/wp-json\/wp\/v2\/posts\/4085\/revisions"}],"predecessor-version":[{"id":4087,"href":"https:\/\/dgospel.com.br\/portal\/index.php\/wp-json\/wp\/v2\/posts\/4085\/revisions\/4087"}],"wp:featuredmedia":[{"embeddable":true,"href":"https:\/\/dgospel.com.br\/portal\/index.php\/wp-json\/wp\/v2\/media\/4086"}],"wp:attachment":[{"href":"https:\/\/dgospel.com.br\/portal\/index.php\/wp-json\/wp\/v2\/media?parent=4085"}],"wp:term":[{"taxonomy":"category","embeddable":true,"href":"https:\/\/dgospel.com.br\/portal\/index.php\/wp-json\/wp\/v2\/categories?post=4085"},{"taxonomy":"post_tag","embeddable":true,"href":"https:\/\/dgospel.com.br\/portal\/index.php\/wp-json\/wp\/v2\/tags?post=4085"}],"curies":[{"name":"wp","href":"https:\/\/api.w.org\/{rel}","templated":true}]}}