{"id":4091,"date":"2019-09-26T10:48:26","date_gmt":"2019-09-26T13:48:26","guid":{"rendered":"http:\/\/dgospel.com.br\/portal\/?p=4091"},"modified":"2019-09-26T10:48:27","modified_gmt":"2019-09-26T13:48:27","slug":"mauro-carlesse-cumpre-agenda-de-trabalho-em-sao-paulo-e-em-dubai-nos-emirados-arabes-unidos","status":"publish","type":"post","link":"https:\/\/dgospel.com.br\/portal\/index.php\/2019\/09\/26\/mauro-carlesse-cumpre-agenda-de-trabalho-em-sao-paulo-e-em-dubai-nos-emirados-arabes-unidos\/","title":{"rendered":"Mauro Carlesse cumpre agenda de trabalho em S\u00e3o Paulo e em Dubai, nos Emirados \u00c1rabes Unidos"},"content":{"rendered":"\n<p>O governador do Estado do Tocantins, Mauro Carlesse, embarcou na tarde desta quarta-feira, 25, para S\u00e3o Paulo, onde participa da 47\u00aa ABAV Expo Internacional de Turismo e 52\u00ba Encontro Comercial Braztoa, que est\u00e1 sendo realizado no Expo Center Norte. ABAV Expo \u00e9 realizado pela Associa\u00e7\u00e3o Brasileira de Ag\u00eancias de Viagem (ABAV), entidade nacional presente em 26 estados e no Distrito Federal, com 2,2 mil ag\u00eancias, operadoras e consolidadoras de viagens associadas e parceria da Braztoa (Associa\u00e7\u00e3o Brasileira das Operadoras de Turismo).<\/p>\n\n\n\n<p>O evento foi aberto oficialmente nesta quarta-feira, pelo ministro do Turismo, Marcelo \u00c1lvaro Ant\u00f4nio, que na oportunidade fez refer\u00eancias ao Jalap\u00e3o e sinalizou com uma Parceria P\u00fablico Privada (PPP) para asfaltar os acessos \u00e0 regi\u00e3o. Ainda esta semana o governador Mauro Carlesse embarca para Dubai, nos Emirados \u00c1rabes, onde participa do Dubai Investment Week (Semana de Investimento em Dubai), de 29 de setembro a 3 de outubro deste ano. Neste per\u00edodo responde pelo Executivo Estadual o vice-governador, Wanderlei Barbosa.<\/p>\n\n\n\n<p><strong>Dubai<\/strong><\/p>\n\n\n\n<p>O Dubai Investment Week \u00e9 uma iniciativa da Ag\u00eancia de Desenvolvimento de Investimentos de Dubai (Dubai FDI), um \u00f3rg\u00e3o do Departamento de Desenvolvimento Econ\u00f4mico &#8211; Governo de Dubai e constitui uma plataforma global para descobrir oportunidades de crescimento, construir parcerias p\u00fablico-privadas e promover a inova\u00e7\u00e3o. O evento oferece aos participantes a oportunidade de aprender sobre as vantagens estrat\u00e9gicas de Dubai como uma cidade do futuro, porta de entrada para os mercados regionais em crescimento e seu papel crescente como um eixo central na economia global.<\/p>\n\n\n\n<p>Para o governador Mauro Carlesse, o evento \u00e9 uma oportunidade para mostrar as potencialidades do Tocantins. \u201cO Tocantins se destaca na agricultura, pecu\u00e1ria, piscicultura, log\u00edstica e est\u00e1 pronto para receber investimentos do mundo inteiro, fortalecendo assim a nossa economia e melhorando a vida da nossa popula\u00e7\u00e3o\u201d, afirmou.<\/p>\n\n\n\n<p><strong>Comitiva<\/strong><\/p>\n\n\n\n<p>Acompanham o governador o Mauro Carlesse os secret\u00e1rios de Estado da Agricultura, Pecu\u00e1ria e Aquicultura, C\u00e9sar Halum; da Fazenda e Or\u00e7amento, Sandro Henrique Armando; Extraordin\u00e1rio de Parcerias P\u00fablico-Privadas, Claudinei Aparecido Quaresmin, al\u00e9m do presidente da Cooperativa Agroindustrial do Estado do Tocantins (Coapa), Ricardo Khouri, e o empres\u00e1rio, Volney Aquino Santos.<\/p>\n","protected":false},"excerpt":{"rendered":"<p>O governador do Estado do Tocantins, Mauro Carlesse, embarcou na tarde desta quarta-feira, 25, para S\u00e3o Paulo, onde participa da 47\u00aa ABAV Expo Internacional de Turismo e 52\u00ba Encontro Comercial Braztoa, que est\u00e1 sendo realizado no Expo Center Norte. ABAV Expo \u00e9 realizado pela Associa\u00e7\u00e3o Brasileira de Ag\u00eancias de Viagem (ABAV), entidade nacional presente em [&hellip;]<\/p>\n","protected":false},"author":2,"featured_media":4092,"comment_status":"open","ping_status":"open","sticky":false,"template":"","format":"standard","meta":[],"categories":[4],"tags":[],"_links":{"self":[{"href":"https:\/\/dgospel.com.br\/portal\/index.php\/wp-json\/wp\/v2\/posts\/4091"}],"collection":[{"href":"https:\/\/dgospel.com.br\/portal\/index.php\/wp-json\/wp\/v2\/posts"}],"about":[{"href":"https:\/\/dgospel.com.br\/portal\/index.php\/wp-json\/wp\/v2\/types\/post"}],"author":[{"embeddable":true,"href":"https:\/\/dgospel.com.br\/portal\/index.php\/wp-json\/wp\/v2\/users\/2"}],"replies":[{"embeddable":true,"href":"https:\/\/dgospel.com.br\/portal\/index.php\/wp-json\/wp\/v2\/comments?post=4091"}],"version-history":[{"count":1,"href":"https:\/\/dgospel.com.br\/portal\/index.php\/wp-json\/wp\/v2\/posts\/4091\/revisions"}],"predecessor-version":[{"id":4093,"href":"https:\/\/dgospel.com.br\/portal\/index.php\/wp-json\/wp\/v2\/posts\/4091\/revisions\/4093"}],"wp:featuredmedia":[{"embeddable":true,"href":"https:\/\/dgospel.com.br\/portal\/index.php\/wp-json\/wp\/v2\/media\/4092"}],"wp:attachment":[{"href":"https:\/\/dgospel.com.br\/portal\/index.php\/wp-json\/wp\/v2\/media?parent=4091"}],"wp:term":[{"taxonomy":"category","embeddable":true,"href":"https:\/\/dgospel.com.br\/portal\/index.php\/wp-json\/wp\/v2\/categories?post=4091"},{"taxonomy":"post_tag","embeddable":true,"href":"https:\/\/dgospel.com.br\/portal\/index.php\/wp-json\/wp\/v2\/tags?post=4091"}],"curies":[{"name":"wp","href":"https:\/\/api.w.org\/{rel}","templated":true}]}}