{"id":4098,"date":"2019-09-28T10:29:25","date_gmt":"2019-09-28T13:29:25","guid":{"rendered":"http:\/\/dgospel.com.br\/portal\/?p=4098"},"modified":"2019-09-28T10:29:26","modified_gmt":"2019-09-28T13:29:26","slug":"governador-mauro-carlesse-destaca-importancia-do-turismo-para-economia-do-tocantins","status":"publish","type":"post","link":"https:\/\/dgospel.com.br\/portal\/index.php\/2019\/09\/28\/governador-mauro-carlesse-destaca-importancia-do-turismo-para-economia-do-tocantins\/","title":{"rendered":"Governador Mauro Carlesse destaca import\u00e2ncia do turismo para economia do Tocantins"},"content":{"rendered":"\n<p>O governador Mauro Carlesse destacou nesta quinta-feira, 26, durante visita \u00e0 Abav Expo 2019, a import\u00e2ncia da ind\u00fastria do turismo para o Tocantins e o Brasil. O Governador destacou o trabalho realizado pela Ag\u00eancia de Desenvolvimento do Turismo, Cultura e Economia Criativa (Adetuc) do Tocantins, para dar mais visibilidade e atrair investimentos e turistas para o Estado.<\/p>\n\n\n\n<p>O presidente da Adetuc, Tom Lyra, considera a participa\u00e7\u00e3o do Estado na Abav Expo 2019 como um divisor de \u00e1guas na pol\u00edtica estadual de turismo, que marca o entrosamento do poder p\u00fablico com a iniciativa privada, com o objetivo de conquistar espa\u00e7o na \u00e1rea, gerando emprego e renda e&nbsp;incluindo as comunidades locais nesse processo.<\/p>\n\n\n\n<p>O Tocantins montou, este ano, um estande na Abav Expo em parceira com o trade e Sebrae, onde os produtos tur\u00edsticos j\u00e1 formatados podem ser comercializados diretamente pelas ag\u00eancias e operadoras. Um outro ponto de divulga\u00e7\u00e3o dos atrativos do Estado foi montado na \u00e1rea disponibilizada pelo Minist\u00e9rio do Turismo, ampliando a visibilidade sobre o Tocantins.<\/p>\n\n\n\n<p><strong>ABAV Expo<\/strong><\/p>\n\n\n\n<p>Realizada pela Associa\u00e7\u00e3o Brasileira de Ag\u00eancias de Viagens (ABAV Nacional), a ABAV Expo \u00e9 uma das feiras brasileiras de maior longevidade e considerada a maior e mais importante para o setor de neg\u00f3cios de turismo. O evento contribui de maneira decisiva para a consolida\u00e7\u00e3o de acordos entre empresas dos cinco continentes e favorece toda a cadeia produtiva global do turismo, ao atrair a participa\u00e7\u00e3o massiva de agentes de viagens e outros profissionais do setor, dos mais diversificados nichos de mercado, al\u00e9m de compradores convidados, nacionais e internacionais.<\/p>\n\n\n\n<p>Entre os expositores est\u00e3o companhias a\u00e9reas brasileiras e estrangeiras; os mais expressivos operadores de turismo; empresas de cruzeiros mar\u00edtimos e de segmentos especializados, como Corporativo, MICE (Meetings, Incentives, Conferences, Exhibitions), Luxo e LGBT; os principais meios e redes de hospedagem; locadoras de ve\u00edculos; equipamentos tur\u00edsticos, e fornecedores de solu\u00e7\u00f5es de tecnologia voltadas ao setor, al\u00e9m de representa\u00e7\u00f5es de destinos e \u00f3rg\u00e3os oficiais de turismo. Site:&nbsp;<a href=\"http:\/\/www.abavexpo.com.br\/\" target=\"_blank\" rel=\"noreferrer noopener\">www.abavexpo.com.br<\/a><\/p>\n\n\n\n<p><strong>ABAV<\/strong><\/p>\n\n\n\n<p>Reconhecida como uma das principais entidades de turismo no Brasil, com crescente for\u00e7a pol\u00edtica, a ABAV Nacional est\u00e1 presente em todos os estados brasileiros e no Distrito Federal. Sua base \u00e9 composta por 2,2 mil empresas associadas, entre ag\u00eancias de viagens, operadoras e consolidadoras, que juntas respondem por cerca de 80% de toda a movimenta\u00e7\u00e3o de vendas do setor no pa\u00eds. A entidade tem sua imagem fortalecida por meio de iniciativas do seu Instituto de Capacita\u00e7\u00e3o e Certifica\u00e7\u00e3o (ICCABAV), na promo\u00e7\u00e3o de cursos, palestras, estudos e conv\u00eanios de coopera\u00e7\u00e3o, e na gest\u00e3o e curadoria da Vila do Saber, o espa\u00e7o dedicado \u00e0 difus\u00e3o do conhecimento e \u00e0 capacita\u00e7\u00e3o profissional integrado \u00e0 programa\u00e7\u00e3o da ABAV Expo. Globalmente est\u00e1 integrada a World TravelAgentsAssociation Alliance (WTAAA) e ao F\u00f3rum Latino-Americano de Turismo (Folatur). Site:&nbsp;<a href=\"http:\/\/www.abav.com.br\/\" target=\"_blank\" rel=\"noreferrer noopener\">www.abav.com.br<\/a><\/p>\n\n\n\n<p><strong>Braztoa<\/strong><\/p>\n\n\n\n<p>A Braztoa (Associa\u00e7\u00e3o Brasileira das Operadoras de Turismo) re\u00fane operadoras de turismo, colaboradoras e empresas de representa\u00e7\u00e3o de produtos e destinos, al\u00e9m de convidados, respons\u00e1veis por estimados 90% das viagens organizadas de lazer, comercializados pela cadeia produtiva no Brasil.<\/p>\n\n\n\n<p>Em 2018, as operadoras associadas \u00e0 Braztoa faturaram R$ 13,1 bilh\u00f5es e embarcaram 6,5 milh\u00f5es de passageiros durante todo o ano. Essas mesmas empresas geraram um impacto econ\u00f4mico de R$ 11,2 bilh\u00f5es para a economia nacional, neste mesmo per\u00edodo (quantia que contempla a soma do valor dos pacotes comercializados para destinos nacionais, com o gasto m\u00e9dio di\u00e1rio com extras do turista nos destinos). Site:&nbsp;<a href=\"http:\/\/www.braztoa.com.br\/\" target=\"_blank\" rel=\"noreferrer noopener\">www.braztoa.com.br<\/a><\/p>\n","protected":false},"excerpt":{"rendered":"<p>O governador Mauro Carlesse destacou nesta quinta-feira, 26, durante visita \u00e0 Abav Expo 2019, a import\u00e2ncia da ind\u00fastria do turismo para o Tocantins e o Brasil. O Governador destacou o trabalho realizado pela Ag\u00eancia de Desenvolvimento do Turismo, Cultura e Economia Criativa (Adetuc) do Tocantins, para dar mais visibilidade e atrair investimentos e turistas para [&hellip;]<\/p>\n","protected":false},"author":2,"featured_media":4099,"comment_status":"open","ping_status":"open","sticky":false,"template":"","format":"standard","meta":[],"categories":[4],"tags":[],"_links":{"self":[{"href":"https:\/\/dgospel.com.br\/portal\/index.php\/wp-json\/wp\/v2\/posts\/4098"}],"collection":[{"href":"https:\/\/dgospel.com.br\/portal\/index.php\/wp-json\/wp\/v2\/posts"}],"about":[{"href":"https:\/\/dgospel.com.br\/portal\/index.php\/wp-json\/wp\/v2\/types\/post"}],"author":[{"embeddable":true,"href":"https:\/\/dgospel.com.br\/portal\/index.php\/wp-json\/wp\/v2\/users\/2"}],"replies":[{"embeddable":true,"href":"https:\/\/dgospel.com.br\/portal\/index.php\/wp-json\/wp\/v2\/comments?post=4098"}],"version-history":[{"count":1,"href":"https:\/\/dgospel.com.br\/portal\/index.php\/wp-json\/wp\/v2\/posts\/4098\/revisions"}],"predecessor-version":[{"id":4100,"href":"https:\/\/dgospel.com.br\/portal\/index.php\/wp-json\/wp\/v2\/posts\/4098\/revisions\/4100"}],"wp:featuredmedia":[{"embeddable":true,"href":"https:\/\/dgospel.com.br\/portal\/index.php\/wp-json\/wp\/v2\/media\/4099"}],"wp:attachment":[{"href":"https:\/\/dgospel.com.br\/portal\/index.php\/wp-json\/wp\/v2\/media?parent=4098"}],"wp:term":[{"taxonomy":"category","embeddable":true,"href":"https:\/\/dgospel.com.br\/portal\/index.php\/wp-json\/wp\/v2\/categories?post=4098"},{"taxonomy":"post_tag","embeddable":true,"href":"https:\/\/dgospel.com.br\/portal\/index.php\/wp-json\/wp\/v2\/tags?post=4098"}],"curies":[{"name":"wp","href":"https:\/\/api.w.org\/{rel}","templated":true}]}}