{"id":410,"date":"2018-05-30T09:26:48","date_gmt":"2018-05-30T12:26:48","guid":{"rendered":"http:\/\/dgospel.com.br\/portal\/?p=410"},"modified":"2018-05-30T09:28:29","modified_gmt":"2018-05-30T12:28:29","slug":"tse-libera-todos-os-candidatos-para-disputar-eleicao-suplementar-do-proximo-domingo","status":"publish","type":"post","link":"https:\/\/dgospel.com.br\/portal\/index.php\/2018\/05\/30\/tse-libera-todos-os-candidatos-para-disputar-eleicao-suplementar-do-proximo-domingo\/","title":{"rendered":"TSE libera todos os candidatos para disputar elei\u00e7\u00e3o suplementar do pr\u00f3ximo domingo"},"content":{"rendered":"<p>O Tribunal Superior Eleitoral (TSE) decidiu por unanimidade aprovar todas as candidaturas apresentadas para o Governo do Tocantins na elei\u00e7\u00e3o suplementar do pr\u00f3ximo domingo (3). O TSE decidiu flexibilizar os prazos, inclusive os de filia\u00e7\u00e3o partid\u00e1ria e os de desincompatibiliza\u00e7\u00e3o, quando um pol\u00edtico deixa um cargo eletivo para concorrer a outro.<\/p>\n<p>Estavam sendo julgados recursos de quatro candidatos. Carlos Amastha (PSB), K\u00e1tia Abreu (PDT), M\u00e1rlon Reis (Rede) e M\u00e1rio L\u00facio Avelar (PSOL). Todas as candidaturas foram autorizadas. Com isso, ficam mantidos os sete nomes apresentados pelos partidos para disputar o Pal\u00e1cio Araguaia.<\/p>\n<p>Os ministros entenderam que a elei\u00e7\u00e3o suplementar tem car\u00e1ter imprevis\u00edvel e por isso as regras deveriam ser mais flex\u00edveis. O presidente da corte, Ministro Luiz Fux, destacou que barrar as candidaturas iria conta a &#8220;ideia da pr\u00f3pria soberania popular&#8221;.<\/p>\n<p>Na tarde desta ter\u00e7a-feira (29), o Tribunal Regional Eleitoral (TRE) divulgou as a\u00e7\u00f5es que est\u00e3o sendo feitos para garantir elei\u00e7\u00e3o. A vota\u00e7\u00e3o foi mantida apesar da greve dos caminhoneiros.<\/p>\n<p>A Pol\u00edcia Federal e a Pol\u00edcia Rodovi\u00e1ria Federal foram acionadas para trazer combust\u00edvel \u00e0 capital e outras cidades do interior e garantir o transporte de equipamentos e pessoal para realiza\u00e7\u00e3o da elei\u00e7\u00e3o, al\u00e9m dos pr\u00f3prios eleitores.<\/p>\n<p>O debate da TV Anhanguera com os candidatos est\u00e1 marcado para a pr\u00f3xima quinta-feira (31) e ir\u00e1 ao ar ap\u00f3s a novela &#8216;Segundo Sol&#8217;.<\/p>\n<p><strong>Cassa\u00e7\u00e3o de Marcelo Miranda<\/strong><\/p>\n<p>O Tocantins vai precisar escolher um governador para o mandato tamp\u00e3o porque o pr\u00f3prio TSE cassou Marcelo Miranda (MDB) e Cl\u00e1udia Lelis (PV) por caixa dois nas elei\u00e7\u00f5es de 2014.<\/p>\n<p>O julgamento do ex-governador no TSE come\u00e7ou em 2017, quando a ministra Luciana L\u00f3ssio votou contra a cassa\u00e7\u00e3o da chapa. Por\u00e9m, o ministro Luiz Fux havia pedido vistas para analisar o processo, que ficou parado por cerca de um ano.<\/p>\n<p>A an\u00e1lise do caso foi retomada no dia 22 de mar\u00e7o, quando os ministros cassaram os diplomas do governador e da vice por 5 votos a 2. Tamb\u00e9m foi determinado que o pol\u00edtico tinha que deixar o cargo imediatamente, embora ainda pudesse recorrer da decis\u00e3o.<\/p>\n<p>Fonte:\u00a0G1 Tocantins<\/p>\n","protected":false},"excerpt":{"rendered":"<p>O Tribunal Superior Eleitoral (TSE) decidiu por unanimidade aprovar todas as candidaturas apresentadas para o Governo do Tocantins na elei\u00e7\u00e3o suplementar do pr\u00f3ximo domingo (3). O TSE decidiu flexibilizar os prazos, inclusive os de filia\u00e7\u00e3o partid\u00e1ria e os de desincompatibiliza\u00e7\u00e3o, quando um pol\u00edtico deixa um cargo eletivo para concorrer a outro. Estavam sendo julgados recursos [&hellip;]<\/p>\n","protected":false},"author":2,"featured_media":411,"comment_status":"open","ping_status":"open","sticky":false,"template":"","format":"standard","meta":[],"categories":[2,4],"tags":[],"_links":{"self":[{"href":"https:\/\/dgospel.com.br\/portal\/index.php\/wp-json\/wp\/v2\/posts\/410"}],"collection":[{"href":"https:\/\/dgospel.com.br\/portal\/index.php\/wp-json\/wp\/v2\/posts"}],"about":[{"href":"https:\/\/dgospel.com.br\/portal\/index.php\/wp-json\/wp\/v2\/types\/post"}],"author":[{"embeddable":true,"href":"https:\/\/dgospel.com.br\/portal\/index.php\/wp-json\/wp\/v2\/users\/2"}],"replies":[{"embeddable":true,"href":"https:\/\/dgospel.com.br\/portal\/index.php\/wp-json\/wp\/v2\/comments?post=410"}],"version-history":[{"count":3,"href":"https:\/\/dgospel.com.br\/portal\/index.php\/wp-json\/wp\/v2\/posts\/410\/revisions"}],"predecessor-version":[{"id":414,"href":"https:\/\/dgospel.com.br\/portal\/index.php\/wp-json\/wp\/v2\/posts\/410\/revisions\/414"}],"wp:featuredmedia":[{"embeddable":true,"href":"https:\/\/dgospel.com.br\/portal\/index.php\/wp-json\/wp\/v2\/media\/411"}],"wp:attachment":[{"href":"https:\/\/dgospel.com.br\/portal\/index.php\/wp-json\/wp\/v2\/media?parent=410"}],"wp:term":[{"taxonomy":"category","embeddable":true,"href":"https:\/\/dgospel.com.br\/portal\/index.php\/wp-json\/wp\/v2\/categories?post=410"},{"taxonomy":"post_tag","embeddable":true,"href":"https:\/\/dgospel.com.br\/portal\/index.php\/wp-json\/wp\/v2\/tags?post=410"}],"curies":[{"name":"wp","href":"https:\/\/api.w.org\/{rel}","templated":true}]}}