{"id":4101,"date":"2019-09-28T10:51:56","date_gmt":"2019-09-28T13:51:56","guid":{"rendered":"http:\/\/dgospel.com.br\/portal\/?p=4101"},"modified":"2019-09-28T10:51:58","modified_gmt":"2019-09-28T13:51:58","slug":"vereadora-evangelica-vai-distribuir-cartilhas-anti-suicidio-em-escolas-de-fortaleza","status":"publish","type":"post","link":"https:\/\/dgospel.com.br\/portal\/index.php\/2019\/09\/28\/vereadora-evangelica-vai-distribuir-cartilhas-anti-suicidio-em-escolas-de-fortaleza\/","title":{"rendered":"Vereadora evang\u00e9lica vai distribuir cartilhas anti-suic\u00eddio em escolas de Fortaleza"},"content":{"rendered":"\n<p>Foi lan\u00e7ada na \u00faltima ter\u00e7a-feira (24), um cartilha de preven\u00e7\u00e3o \u00e0&nbsp;<strong><a href=\"https:\/\/guiame.com.br\/vida-estilo\/saude\/automutilacao-e-praticada-por-um-em-12-adolescentes.html\">automutila\u00e7\u00e3o<\/a><\/strong>&nbsp;e&nbsp;<strong><a href=\"https:\/\/guiame.com.br\/gospel\/mundo-cristao\/setembro-amarelo-igreja-espalha-mensagem-de-prevencao-contra-suicidio-em-vila-velha.html\">suic\u00eddio<\/a><\/strong>, que ser\u00e1 distribu\u00edda em escolas de Fortaleza.<\/p>\n\n\n\n<p>Com o t\u00edtulo &#8220;Alegria de Viver&#8221;, o material foi elaborado pela vereadora Priscila Costa em parceria com a psicopedagoga Andreia Lima, que tamb\u00e9m atua como psicanalista cl\u00ednica h\u00e1 mais de 14 anos.<\/p>\n\n\n\n<p>A cartilha conta a historia de T\u00e9o, um jovem que passa por muitos desafios e se v\u00ea questionando seus prop\u00f3sitos de vida, em uma crise existencial bastante comum a grande parte dos adolescentes e jovens nos tempos atuais.<\/p>\n\n\n\n<p>O exemplar tamb\u00e9m fala sobre identidade, autoestima, resili\u00eancia, relacionamentos, fam\u00edlia e diversos tipos de intelig\u00eancia emocional.<\/p>\n\n\n\n<p>Em meio \u00e0 hist\u00f3ria e os conceitos abordados, o material tamb\u00e9m disponibiliza informa\u00e7\u00f5es importantes sobre como identificar e abordar uma pessoa em situa\u00e7\u00e3o de risco relacionado ao suic\u00eddio ou a pr\u00e1tica de automutila\u00e7\u00e3o.<\/p>\n\n\n\n<p>A cartilha ser\u00e1 distribu\u00edda em escolas p\u00fablicas e privadas e tamb\u00e9m em outras a\u00e7\u00f5es educativas e de conscientiza\u00e7\u00e3o sobre o assunto na Capital.<\/p>\n\n\n\n<p>&#8220;A prote\u00e7\u00e3o da vida tem sido uma das nossas principais bandeiras e uma das coisas que a gente tem pautado \u00e9 a preocupa\u00e7\u00e3o com a quantidade de suic\u00eddios e casos de automutila\u00e7\u00e3o entre jovens e adolescentes. Ent\u00e3o, n\u00f3s de maneira muito respons\u00e1vel, elaboramos essa cartilha em uma linguagem muito acess\u00edvel \u00e0s pessoas dessa faixa et\u00e1ria&#8221;, explicou.<\/p>\n\n\n\n<p>&#8220;Essa cartilha pode ser um instrumento paa voc\u00ea, educador, amigo, cidad\u00e3o, pastor, psic\u00f3logo, ajudar a algu\u00e9m, entrar nesse assunto e poder ali, quem sabe, ser tamb\u00e9m um outro instrumento de ajudar aquela pessoa a ter uma alegria de viver, recuperar a sua sa\u00fade mental e emocional&#8221;, acrescentou.<\/p>\n\n\n\n<p>\n\nFONTE: GUIAME, COM INFORMA\u00c7\u00d5ES D&#8217;O POVO\n\n<\/p>\n","protected":false},"excerpt":{"rendered":"<p>Foi lan\u00e7ada na \u00faltima ter\u00e7a-feira (24), um cartilha de preven\u00e7\u00e3o \u00e0&nbsp;automutila\u00e7\u00e3o&nbsp;e&nbsp;suic\u00eddio, que ser\u00e1 distribu\u00edda em escolas de Fortaleza. Com o t\u00edtulo &#8220;Alegria de Viver&#8221;, o material foi elaborado pela vereadora Priscila Costa em parceria com a psicopedagoga Andreia Lima, que tamb\u00e9m atua como psicanalista cl\u00ednica h\u00e1 mais de 14 anos. A cartilha conta a historia [&hellip;]<\/p>\n","protected":false},"author":2,"featured_media":4102,"comment_status":"open","ping_status":"open","sticky":false,"template":"","format":"standard","meta":[],"categories":[6,4],"tags":[],"_links":{"self":[{"href":"https:\/\/dgospel.com.br\/portal\/index.php\/wp-json\/wp\/v2\/posts\/4101"}],"collection":[{"href":"https:\/\/dgospel.com.br\/portal\/index.php\/wp-json\/wp\/v2\/posts"}],"about":[{"href":"https:\/\/dgospel.com.br\/portal\/index.php\/wp-json\/wp\/v2\/types\/post"}],"author":[{"embeddable":true,"href":"https:\/\/dgospel.com.br\/portal\/index.php\/wp-json\/wp\/v2\/users\/2"}],"replies":[{"embeddable":true,"href":"https:\/\/dgospel.com.br\/portal\/index.php\/wp-json\/wp\/v2\/comments?post=4101"}],"version-history":[{"count":1,"href":"https:\/\/dgospel.com.br\/portal\/index.php\/wp-json\/wp\/v2\/posts\/4101\/revisions"}],"predecessor-version":[{"id":4103,"href":"https:\/\/dgospel.com.br\/portal\/index.php\/wp-json\/wp\/v2\/posts\/4101\/revisions\/4103"}],"wp:featuredmedia":[{"embeddable":true,"href":"https:\/\/dgospel.com.br\/portal\/index.php\/wp-json\/wp\/v2\/media\/4102"}],"wp:attachment":[{"href":"https:\/\/dgospel.com.br\/portal\/index.php\/wp-json\/wp\/v2\/media?parent=4101"}],"wp:term":[{"taxonomy":"category","embeddable":true,"href":"https:\/\/dgospel.com.br\/portal\/index.php\/wp-json\/wp\/v2\/categories?post=4101"},{"taxonomy":"post_tag","embeddable":true,"href":"https:\/\/dgospel.com.br\/portal\/index.php\/wp-json\/wp\/v2\/tags?post=4101"}],"curies":[{"name":"wp","href":"https:\/\/api.w.org\/{rel}","templated":true}]}}