{"id":4122,"date":"2019-10-01T10:31:27","date_gmt":"2019-10-01T13:31:27","guid":{"rendered":"http:\/\/dgospel.com.br\/portal\/?p=4122"},"modified":"2019-10-01T10:31:29","modified_gmt":"2019-10-01T13:31:29","slug":"projeto-de-lei-altera-folga-semanal-por-motivo-religioso","status":"publish","type":"post","link":"https:\/\/dgospel.com.br\/portal\/index.php\/2019\/10\/01\/projeto-de-lei-altera-folga-semanal-por-motivo-religioso\/","title":{"rendered":"Projeto de Lei altera folga semanal por motivo religioso"},"content":{"rendered":"\n<p>Um projeto de lei que disp\u00f5e sobre liberdade religiosa no ambiente de trabalho ser\u00e1 discutido nesta ter\u00e7a-feira, 1\u00ba de outubro, pela C\u00e2mara dos Deputados, em Bras\u00edlia.<\/p>\n\n\n\n<p>De autoria do deputado Wolney Queiroz (PDT-PE), a proposta garante a \u201cpresta\u00e7\u00e3o alternativa ao empregado, em virtude de escusa de consci\u00eancia, quando o seu dia de guarda religioso coincidir com o dia de trabalho\u201d.<\/p>\n\n\n\n<p>O Projeto de Lei 3346\/19 garante ao empregado a possibilidade de alterar o dia de descanso semanal por motivos religiosos. A mudan\u00e7a dever\u00e1 ser acordada com o empregador, sem perdas ou \u00f4nus para o empregado.<\/p>\n\n\n\n<p>Al\u00e9m da mudan\u00e7a da data, o empregado poder\u00e1 optar por acr\u00e9scimo de horas di\u00e1rias ou troca de turno para compensar eventuais horas n\u00e3o trabalhadas.<\/p>\n\n\n\n<p>Segundo Wolney Queiroz, a influ\u00eancia do cristianismo na sociedade ocidental teve papel fundamental em transformar o domingo como dia de repouso semanal. Por\u00e9m, outras religi\u00f5es como o juda\u00edsmo ou islamismo tem dias diferentes de culto.<\/p>\n\n\n\n<p>\u201cCom a proposta, o Estado garantir\u00e1 o livre exerc\u00edcio do trabalho sem descuidar da escusa de consci\u00eancia do empregado e o seu direito de descanso, sem prejudicar o exerc\u00edcio das atividades da empresa\u201d, disse Queiroz.<\/p>\n\n\n\n<p>No islamismo, por exemplo, o dia de descanso \u00e9 a sexta-feira (27). No entanto, o diretor da &nbsp;Mesquita \u2013 Centro Isl\u00e2mico de Manaus, Walid Ali Saleh disse que ao os mu\u00e7ulmanos precisaram, ao longo dos anos se adaptar \u00e0 cultura brasileira, e avalia como positiva a proposta que tramita na C\u00e2mara.<br><br>\u201cN\u00f3s mu\u00e7ulmanos n\u00e3o temos a inten\u00e7\u00e3o de mudar o local onde nos encontramos em fun\u00e7\u00e3o da nossa particularidade. Por\u00e9m, se pudermos passar quais s\u00e3o as nossas especificidades para que de uma maneira ou outra consigamos ter uma flexibilidade para praticar os nossos rituais religiosos e tamb\u00e9m desfrutarmos dos nossos feriados seria bem melhor\u201d, contou.<\/p>\n\n\n\n<p>A maior parte da popula\u00e7\u00e3o brasileira \u00e9 crist\u00e3. De acordo com o Instituto Brasileiro de Geografiia e Estat\u00edstica \u2013 (IBGE), 87% dos brasileiros &nbsp;fazem parte &nbsp;dessa denomina\u00e7\u00e3o, entre ca\u00f3licos e protestantes.<\/p>\n\n\n\n<p>No caso dos adventistas do s\u00e9timo dia, o s\u00e1bado \u00e9 o dia de descanso. J\u00e1 existem tratativas nesse &nbsp;sentido, e acordos podem ser feitos entre empregado e empregador. O presidente da Igreja Adventista do S\u00e9timo Dia em Manaus (IASD), pastor Sergio Alan, presidente da Associa\u00e7\u00e3o Central Amazonas (Aceam),da IASD,&nbsp;contou que o fato de n\u00e3o poder trabalhar no s\u00e1bado j\u00e1 afetou sua vida profissional.&nbsp;<\/p>\n\n\n\n<p>\u201c\u00c9 preciso respeitar todas as religi\u00f5es, todas as cren\u00e7as. A empresa tem essa autonomia para escolher o dia de descanso. Mas as leis devem ser feitas de modo a respeitar todas as religi\u00f5es. Quando eu comecei a guardar o s\u00e1bado, no emprego que eu tinha tentei uma negocia\u00e7\u00e3o com o empregador mas a empresa n\u00e3o tinha como fazer esse ajuste e eu fui demitido. Mas h\u00e1 situa\u00e7\u00f5es em que acordos podem ser feitos\u201d, resumiu.<\/p>\n\n\n\n<p><strong>Rescis\u00e3o<\/strong><ins><\/ins><\/p>\n\n\n\n<p>A comunica\u00e7\u00e3o da aus\u00eancia devido \u00e0 consci\u00eancia de credo dever\u00e1 ser feita antecipadamente. Caso o empregador n\u00e3o aceite o pedido, com justificativa e motivos sobre a impossibilidade de ajuste de rotina, o empregado poder\u00e1 rescindir o contrato sem preju\u00edzo do tempo trabalhado e direitos assegurados.<\/p>\n\n\n\n<p>Pelo texto, a entrevista de emprego n\u00e3o poder\u00e1 ter pergunta discriminat\u00f3ria, mas somente questionamento relacionado \u00e0 qualifica\u00e7\u00e3o para o cargo. O empregador precisar\u00e1 justificar a dispensa do candidato se n\u00e3o for poss\u00edvel executar o servi\u00e7o em hor\u00e1rio alternativo ao do evento religioso.<\/p>\n\n\n\n<p>O projeto altera a Consolida\u00e7\u00e3o das Leis do Trabalho (CLT,&nbsp;<a rel=\"noreferrer noopener\" href=\"http:\/\/www2.camara.gov.br\/legin\/fed\/lei\/1960-1969\/lei-5452-12-junho-1968-359232-norma-pl.html\" target=\"_blank\">Decreto-lei 5.452\/43<\/a>), que assegura a todo empregado um dia de descanso semanal.<\/p>\n\n\n\n<p><strong>Audi\u00eancia p\u00fablica<\/strong><\/p>\n\n\n\n<p>Com o tema \u201cA Liberdade Religiosa no \u00c2mbito do Trabalho \u2013 PL 3.346\/2019.\u201d, est\u00e1 pautada para hoje, 1\u00ba, a audi\u00eancia p\u00fablica realizada pela Comiss\u00e3o de Trabalho, de Administra\u00e7\u00e3o e Servi\u00e7o P\u00fablico , a partir das 14 horas em local ainda n\u00e3o definido.<\/p>\n\n\n\n<p>Participar\u00e3o do audi\u00eancia os seguintes convidados:<\/p>\n\n\n\n<p>1 \u2013 H\u00e9lio Carnassale \u2013 Diretor da Associa\u00e7\u00e3o Internacional de Liberdade Religiosa no Brasil\/IRLA; CONFIRMADO<\/p>\n\n\n\n<p>2 \u2013 Silvana da Silva \u2013 Procuradora do Trabalho e Vice-Coordenadora Nacional de Promo\u00e7\u00e3o de Igualdade de Oportunidades e Elimina\u00e7\u00e3o da Discrimina\u00e7\u00e3o no Trabalho\/COORDIGUALDADE, representando ainda o Senhor Alberto Bastos Balazeiro \u2013 Procurador-Geral do Minist\u00e9rio P\u00fablico do Trabalho\/MPT; CONFIRMADA<\/p>\n\n\n\n<p>3 \u2013 Fernando Lottenberg \u2013 Presidente da Confedera\u00e7\u00e3o Israelita do Brasil\/CONIB;<\/p>\n\n\n\n<p>4 \u2013 Dom Walmor Oliveira de Azevedo, Presidente da Confer\u00eancia Nacional dos Bispos do Brasil\/CNBB;<\/p>\n\n\n\n<p>5 \u2013 Deborah Macedo Duprat de Britto Pereira \u2013 Procuradora Federal dos Direitos do Cidad\u00e3o\/PFDC\/MPF; CONFIRMADA<\/p>\n\n\n\n<p>6 \u2013 Luigi Braga \u2013 Diretor Jur\u00eddico da Igreja Adventista do S\u00e9timo Dia para a Am\u00e9rica do Sul; CONFIRMADO<\/p>\n\n\n\n<p>7 \u2013 Sarah Hakim \u2013 Presidente da Associa\u00e7\u00e3o dos Advogados Trabalhistas de S\u00e3o Paulo\/AATSP; CONFIRMADA<\/p>\n\n\n\n<p>8 \u2013 Uziel Santana dos Santos \u2013 Presidente da Associa\u00e7\u00e3o Nacional de Juristas Evang\u00e9licos\/ANAJURE; CONFIRMADO<\/p>\n\n\n\n<p>9 \u2013 Girrad Mahmoud Sammour, Presidente da Associa\u00e7\u00e3o Nacional de Juristas Isl\u00e2micos\/ANAJI; CONFIRMADO<\/p>\n\n\n\n<p>10 \u2013 Ana Maria Santos Fid\u00e9lis, especialista em Pol\u00edticas e Ind\u00fastria da CNI, representando o Senhor Robson Braga de Andrade, Presidente da Confedera\u00e7\u00e3o Nacional da Ind\u00fastria\/CNI; CONFIRMADA<\/p>\n\n\n\n<p>11 \u2013 Ant\u00f4nio Lisboa Cardoso, Advogado da Divis\u00e3o Sindical da CNC, representando o Senhor Jos\u00e9 Roberto Tadros, Presidente da Confedera\u00e7\u00e3o Nacional do Com\u00e9rcio de Bens, Servi\u00e7os e Turismo \u2013 CNC; CONFIRMADO<\/p>\n\n\n\n<p><strong>Fonte: Ag\u00eancia C\u00e2mara e A Cr\u00edtica<\/strong><ins><br>\n\n<\/ins><\/p>\n","protected":false},"excerpt":{"rendered":"<p>Um projeto de lei que disp\u00f5e sobre liberdade religiosa no ambiente de trabalho ser\u00e1 discutido nesta ter\u00e7a-feira, 1\u00ba de outubro, pela C\u00e2mara dos Deputados, em Bras\u00edlia. De autoria do deputado Wolney Queiroz (PDT-PE), a proposta garante a \u201cpresta\u00e7\u00e3o alternativa ao empregado, em virtude de escusa de consci\u00eancia, quando o seu dia de guarda religioso coincidir [&hellip;]<\/p>\n","protected":false},"author":2,"featured_media":4123,"comment_status":"open","ping_status":"open","sticky":false,"template":"","format":"standard","meta":[],"categories":[6,4],"tags":[],"_links":{"self":[{"href":"https:\/\/dgospel.com.br\/portal\/index.php\/wp-json\/wp\/v2\/posts\/4122"}],"collection":[{"href":"https:\/\/dgospel.com.br\/portal\/index.php\/wp-json\/wp\/v2\/posts"}],"about":[{"href":"https:\/\/dgospel.com.br\/portal\/index.php\/wp-json\/wp\/v2\/types\/post"}],"author":[{"embeddable":true,"href":"https:\/\/dgospel.com.br\/portal\/index.php\/wp-json\/wp\/v2\/users\/2"}],"replies":[{"embeddable":true,"href":"https:\/\/dgospel.com.br\/portal\/index.php\/wp-json\/wp\/v2\/comments?post=4122"}],"version-history":[{"count":1,"href":"https:\/\/dgospel.com.br\/portal\/index.php\/wp-json\/wp\/v2\/posts\/4122\/revisions"}],"predecessor-version":[{"id":4124,"href":"https:\/\/dgospel.com.br\/portal\/index.php\/wp-json\/wp\/v2\/posts\/4122\/revisions\/4124"}],"wp:featuredmedia":[{"embeddable":true,"href":"https:\/\/dgospel.com.br\/portal\/index.php\/wp-json\/wp\/v2\/media\/4123"}],"wp:attachment":[{"href":"https:\/\/dgospel.com.br\/portal\/index.php\/wp-json\/wp\/v2\/media?parent=4122"}],"wp:term":[{"taxonomy":"category","embeddable":true,"href":"https:\/\/dgospel.com.br\/portal\/index.php\/wp-json\/wp\/v2\/categories?post=4122"},{"taxonomy":"post_tag","embeddable":true,"href":"https:\/\/dgospel.com.br\/portal\/index.php\/wp-json\/wp\/v2\/tags?post=4122"}],"curies":[{"name":"wp","href":"https:\/\/api.w.org\/{rel}","templated":true}]}}