{"id":4128,"date":"2019-10-02T10:42:34","date_gmt":"2019-10-02T13:42:34","guid":{"rendered":"http:\/\/dgospel.com.br\/portal\/?p=4128"},"modified":"2019-10-02T10:42:35","modified_gmt":"2019-10-02T13:42:35","slug":"ccj-do-senado-aprova-relatorio-da-reforma-da-previdencia","status":"publish","type":"post","link":"https:\/\/dgospel.com.br\/portal\/index.php\/2019\/10\/02\/ccj-do-senado-aprova-relatorio-da-reforma-da-previdencia\/","title":{"rendered":"CCJ do Senado aprova relat\u00f3rio da reforma da Previd\u00eancia"},"content":{"rendered":"\n<p>A Comiss\u00e3o de Constitui\u00e7\u00e3o e Justi\u00e7a (CCJ) do Senado Federal aprovou, na tarde desta ter\u00e7a-feira (1\u00ba), o parecer da reforma da Previd\u00eancia do senador Tasso Jereissati (PSDB-CE). O texto segue para vota\u00e7\u00e3o em plen\u00e1rio ap\u00f3s a an\u00e1lise das emendas, onde pode ser votado em primeiro turno na Casa ainda hoje.&nbsp;<\/p>\n\n\n\n<p>Entre as principais mudan\u00e7as no sistema de aposentadoria e outros benef\u00edcios, est\u00e1 a proposta de fixar a idade m\u00ednima para se aposentar. Para as mulheres, a idade ser\u00e1 de 62 anos, e para os homens, de 65. De acordo com o governo federal, os cofres p\u00fablicos podem ter economia de at\u00e9 R$1,2 trilh\u00e3o, em dez anos, com as mudan\u00e7as nas regras de aposentadoria.&nbsp;<\/p>\n\n\n\n<p>O senador Luiz do Carmo (MDB-GO) defende que \u201cj\u00e1 passou da hora\u201d de a pauta ser votada no Senado. \u201cO Brasil precisa que a reforma seja aprovada para o pa\u00eds come\u00e7ar a andar. Espero que ainda hoje seja votada em Plen\u00e1rio\u201d, afirmou o parlamentar.&nbsp;<\/p>\n\n\n\n<p>Para passar a valer, a proposta principal precisa ser aprovada em dois turnos, uma vez que altera a Constitui\u00e7\u00e3o. Para aprova\u00e7\u00e3o, s\u00e3o necess\u00e1rios 49 votos entre os 81 senadores. Segundo o senador Marcelo Castro (MDB-PI), a expectativa \u00e9 que o texto ter\u00e1 mais de 60 votos favor\u00e1veis em Plen\u00e1rio. \u201cA reforma da Previd\u00eancia \u00e9 imprescind\u00edvel para o pa\u00eds, para respirar, arejar e dar confian\u00e7a ao mercado de que as medidas necess\u00e1rias o pa\u00eds est\u00e3o sendo tomadas\u201d, declarou Castro.&nbsp;<\/p>\n\n\n\n<p>No total, 26 senadores votaram na CCJ, n\u00e3o houve nenhuma absten\u00e7\u00e3o. A presidente da comiss\u00e3o, Simone Tebet, n\u00e3o participou.<\/p>\n","protected":false},"excerpt":{"rendered":"<p>A Comiss\u00e3o de Constitui\u00e7\u00e3o e Justi\u00e7a (CCJ) do Senado Federal aprovou, na tarde desta ter\u00e7a-feira (1\u00ba), o parecer da reforma da Previd\u00eancia do senador Tasso Jereissati (PSDB-CE). O texto segue para vota\u00e7\u00e3o em plen\u00e1rio ap\u00f3s a an\u00e1lise das emendas, onde pode ser votado em primeiro turno na Casa ainda hoje.&nbsp; Entre as principais mudan\u00e7as no [&hellip;]<\/p>\n","protected":false},"author":2,"featured_media":4129,"comment_status":"open","ping_status":"open","sticky":false,"template":"","format":"standard","meta":[],"categories":[8],"tags":[],"_links":{"self":[{"href":"https:\/\/dgospel.com.br\/portal\/index.php\/wp-json\/wp\/v2\/posts\/4128"}],"collection":[{"href":"https:\/\/dgospel.com.br\/portal\/index.php\/wp-json\/wp\/v2\/posts"}],"about":[{"href":"https:\/\/dgospel.com.br\/portal\/index.php\/wp-json\/wp\/v2\/types\/post"}],"author":[{"embeddable":true,"href":"https:\/\/dgospel.com.br\/portal\/index.php\/wp-json\/wp\/v2\/users\/2"}],"replies":[{"embeddable":true,"href":"https:\/\/dgospel.com.br\/portal\/index.php\/wp-json\/wp\/v2\/comments?post=4128"}],"version-history":[{"count":1,"href":"https:\/\/dgospel.com.br\/portal\/index.php\/wp-json\/wp\/v2\/posts\/4128\/revisions"}],"predecessor-version":[{"id":4130,"href":"https:\/\/dgospel.com.br\/portal\/index.php\/wp-json\/wp\/v2\/posts\/4128\/revisions\/4130"}],"wp:featuredmedia":[{"embeddable":true,"href":"https:\/\/dgospel.com.br\/portal\/index.php\/wp-json\/wp\/v2\/media\/4129"}],"wp:attachment":[{"href":"https:\/\/dgospel.com.br\/portal\/index.php\/wp-json\/wp\/v2\/media?parent=4128"}],"wp:term":[{"taxonomy":"category","embeddable":true,"href":"https:\/\/dgospel.com.br\/portal\/index.php\/wp-json\/wp\/v2\/categories?post=4128"},{"taxonomy":"post_tag","embeddable":true,"href":"https:\/\/dgospel.com.br\/portal\/index.php\/wp-json\/wp\/v2\/tags?post=4128"}],"curies":[{"name":"wp","href":"https:\/\/api.w.org\/{rel}","templated":true}]}}