{"id":4137,"date":"2019-10-02T11:01:15","date_gmt":"2019-10-02T14:01:15","guid":{"rendered":"http:\/\/dgospel.com.br\/portal\/?p=4137"},"modified":"2019-10-02T11:01:16","modified_gmt":"2019-10-02T14:01:16","slug":"veja-os-indicados-ao-20o-grammy-latino-na-categoria-melhor-album-cristao-em-portugues","status":"publish","type":"post","link":"https:\/\/dgospel.com.br\/portal\/index.php\/2019\/10\/02\/veja-os-indicados-ao-20o-grammy-latino-na-categoria-melhor-album-cristao-em-portugues\/","title":{"rendered":"Veja os indicados ao 20\u00ba Grammy Latino na categoria \u201cMelhor \u00e1lbum crist\u00e3o em portugu\u00eas\u201d"},"content":{"rendered":"\n<p>O Grammy Latino divulgou todos os indicados ao&nbsp;20\u00ba Grammy Latino.<\/p>\n\n\n\n<p>Na categoria \u201c<strong>Melhor \u00e1lbum crist\u00e3o em portugu\u00eas<\/strong>\u201d estamos muito bem representados!<\/p>\n\n\n\n<p>Confira abaixo a lista:<\/p>\n\n\n\n<p><strong>Gente<\/strong>&nbsp;(Priscilla Alc\u00e2ntara)<br>Selo: Sony Music Entertainment<\/p>\n\n\n\n<p><strong>Guarda Meu Cora\u00e7\u00e3o<\/strong>&nbsp;(Delino Mar\u00e7al)<br>Selo: MK Music<\/p>\n\n\n\n<p><strong>Preto No Branco 3&nbsp;<\/strong>(Preto No Branco)<br>Selo: Universal Music Ltda\/Balaio Music<\/p>\n\n\n\n<p><strong>360\u00ba<\/strong>&nbsp;(Eli Soares)<br>Selo: Universal Music Christian Group<\/p>\n\n\n\n<p><strong>Sagrado<\/strong>&nbsp;(Adriana Arydes) *cantora cat\u00f3lica<br>Selo: Universal Music Ltda<\/p>\n\n\n\n<p>O&nbsp;20\u00ba Grammy Latino acontecer\u00e1 no dia 14 de Novembro, em&nbsp;Las Vegas (EUA) no MGM Grand Garden Arena.<ins><\/ins><\/p>\n\n\n\n<p>Os indicados festejaram a indica\u00e7\u00e3o em suas redes socais. As gravadoras e selos tamb\u00e9m comemoraram o fato dos seus artistas serem prestigiados.<\/p>\n\n\n\n<p>Os \u00faltimos \u00e1lbuns vencedores no Grammy Latino nesta categoria foram:<\/p>\n\n\n\n<ul><li>Som Da Minha Vida de Fernanda Brum (2018)<\/li><li>Acenda A Sua Luz de Aline Barros (2017)<\/li><li>Deus N\u00e3o Te Rejeita de Anderson Freire (2016)<\/li><li>Da Eternidade de Fernanda Brum (2015)<\/li><li>Gra\u00e7a de Aline Barros (2014)<\/li><li>Profeta da Esperan\u00e7a de Kleber Lucas (2013)<\/li><li>Aline Barros &amp; Cia 3 de Aline Barros (2012)<\/li><li>Extraordin\u00e1rio Amor de Deus de Aline Barros (2011)<\/li><li>Na Extremidade de Marina de Oliveira (2010)<\/li><li>Depois da Guerra de Oficina G3 (2009)<\/li><\/ul>\n\n\n\n<p><strong>Fonte: Supergospel<\/strong><ins><br>\n\n<\/ins><\/p>\n","protected":false},"excerpt":{"rendered":"<p>O Grammy Latino divulgou todos os indicados ao&nbsp;20\u00ba Grammy Latino. Na categoria \u201cMelhor \u00e1lbum crist\u00e3o em portugu\u00eas\u201d estamos muito bem representados! Confira abaixo a lista: Gente&nbsp;(Priscilla Alc\u00e2ntara)Selo: Sony Music Entertainment Guarda Meu Cora\u00e7\u00e3o&nbsp;(Delino Mar\u00e7al)Selo: MK Music Preto No Branco 3&nbsp;(Preto No Branco)Selo: Universal Music Ltda\/Balaio Music 360\u00ba&nbsp;(Eli Soares)Selo: Universal Music Christian Group Sagrado&nbsp;(Adriana Arydes) *cantora [&hellip;]<\/p>\n","protected":false},"author":2,"featured_media":4138,"comment_status":"open","ping_status":"open","sticky":false,"template":"","format":"standard","meta":[],"categories":[5],"tags":[],"_links":{"self":[{"href":"https:\/\/dgospel.com.br\/portal\/index.php\/wp-json\/wp\/v2\/posts\/4137"}],"collection":[{"href":"https:\/\/dgospel.com.br\/portal\/index.php\/wp-json\/wp\/v2\/posts"}],"about":[{"href":"https:\/\/dgospel.com.br\/portal\/index.php\/wp-json\/wp\/v2\/types\/post"}],"author":[{"embeddable":true,"href":"https:\/\/dgospel.com.br\/portal\/index.php\/wp-json\/wp\/v2\/users\/2"}],"replies":[{"embeddable":true,"href":"https:\/\/dgospel.com.br\/portal\/index.php\/wp-json\/wp\/v2\/comments?post=4137"}],"version-history":[{"count":1,"href":"https:\/\/dgospel.com.br\/portal\/index.php\/wp-json\/wp\/v2\/posts\/4137\/revisions"}],"predecessor-version":[{"id":4139,"href":"https:\/\/dgospel.com.br\/portal\/index.php\/wp-json\/wp\/v2\/posts\/4137\/revisions\/4139"}],"wp:featuredmedia":[{"embeddable":true,"href":"https:\/\/dgospel.com.br\/portal\/index.php\/wp-json\/wp\/v2\/media\/4138"}],"wp:attachment":[{"href":"https:\/\/dgospel.com.br\/portal\/index.php\/wp-json\/wp\/v2\/media?parent=4137"}],"wp:term":[{"taxonomy":"category","embeddable":true,"href":"https:\/\/dgospel.com.br\/portal\/index.php\/wp-json\/wp\/v2\/categories?post=4137"},{"taxonomy":"post_tag","embeddable":true,"href":"https:\/\/dgospel.com.br\/portal\/index.php\/wp-json\/wp\/v2\/tags?post=4137"}],"curies":[{"name":"wp","href":"https:\/\/api.w.org\/{rel}","templated":true}]}}