{"id":4140,"date":"2019-10-02T16:15:28","date_gmt":"2019-10-02T19:15:28","guid":{"rendered":"http:\/\/dgospel.com.br\/portal\/?p=4140"},"modified":"2019-10-02T16:15:30","modified_gmt":"2019-10-02T19:15:30","slug":"veja-quem-sao-os-candidatos-para-o-conselho-tutelar-de-palmas-e-os-locais-de-votacao","status":"publish","type":"post","link":"https:\/\/dgospel.com.br\/portal\/index.php\/2019\/10\/02\/veja-quem-sao-os-candidatos-para-o-conselho-tutelar-de-palmas-e-os-locais-de-votacao\/","title":{"rendered":"Veja quem s\u00e3o os candidatos para o Conselho Tutelar de Palmas e os locais de vota\u00e7\u00e3o"},"content":{"rendered":"\n<p>A elei\u00e7\u00e3o dos conselhos tutelares ser\u00e1 realizada no pr\u00f3ximo domingo (6) em todo Brasil. Em Palmas, s\u00e3o 81 candidatos concorrendo 20 vagas de conselheiro titular e 20 suplentes. A vota\u00e7\u00e3o ser\u00e1 das 8h \u00e0s 17h e cada eleitor poder\u00e1 escolher apenas um candidato.<\/p>\n\n\n\n<p>O processo de sele\u00e7\u00e3o come\u00e7ou em abril e os candidatos tiveram que passar por um aprova escrita, al\u00e9m de comprovar experi\u00eancia em trabalhos com crian\u00e7as e adolescentes. Os eleitos v\u00e3o ficar no cargo por quatro anos. Palmas tem quatro conselhos tutelares, com cinco conselheiros cada um.<\/p>\n\n\n\n<p>Confira quem s\u00e3o os&nbsp;<a href=\"https:\/\/www.palmas.to.gov.br\/media\/doc\/2_10_2019_9_17_56.pdf\" target=\"_blank\" rel=\"noreferrer noopener\">candidatos<\/a>.<\/p>\n\n\n\n<p>Na capital ser\u00e3o 18 locais de vota\u00e7\u00e3o em todas as regi\u00f5es da cidade, assim como nos distritos de Taquaru\u00e7u e Buritirana. Todos os eleitores que estiverem em dia com suas obriga\u00e7\u00f5es eleitorais poder\u00e3o participar da escolha.<\/p>\n\n\n\n<p>Para identificar o local de vota\u00e7\u00e3o, os eleitores devem conferir primeiro o local onde votam nas elei\u00e7\u00f5es partid\u00e1rias. Depois, verificar qual o local de vota\u00e7\u00e3o correspondente na escolha dos conselheiros.<\/p>\n\n\n\n<p>Veja os locais<a href=\"https:\/\/www.palmas.to.gov.br\/secretaria\/social\/noticia\/1511704\/prefeitura-divulga-locais-de-votacao-das-eleicoes-para-conselheiro-tutelares\/\" target=\"_blank\" rel=\"noreferrer noopener\">&nbsp;vota\u00e7\u00e3o&nbsp;<\/a>em Palmas.<\/p>\n\n\n\n<p>Fonte:  <strong>G1 Tocantins<\/strong> <\/p>\n","protected":false},"excerpt":{"rendered":"<p>A elei\u00e7\u00e3o dos conselhos tutelares ser\u00e1 realizada no pr\u00f3ximo domingo (6) em todo Brasil. Em Palmas, s\u00e3o 81 candidatos concorrendo 20 vagas de conselheiro titular e 20 suplentes. A vota\u00e7\u00e3o ser\u00e1 das 8h \u00e0s 17h e cada eleitor poder\u00e1 escolher apenas um candidato. O processo de sele\u00e7\u00e3o come\u00e7ou em abril e os candidatos tiveram que [&hellip;]<\/p>\n","protected":false},"author":2,"featured_media":4141,"comment_status":"open","ping_status":"open","sticky":false,"template":"","format":"standard","meta":[],"categories":[3],"tags":[],"_links":{"self":[{"href":"https:\/\/dgospel.com.br\/portal\/index.php\/wp-json\/wp\/v2\/posts\/4140"}],"collection":[{"href":"https:\/\/dgospel.com.br\/portal\/index.php\/wp-json\/wp\/v2\/posts"}],"about":[{"href":"https:\/\/dgospel.com.br\/portal\/index.php\/wp-json\/wp\/v2\/types\/post"}],"author":[{"embeddable":true,"href":"https:\/\/dgospel.com.br\/portal\/index.php\/wp-json\/wp\/v2\/users\/2"}],"replies":[{"embeddable":true,"href":"https:\/\/dgospel.com.br\/portal\/index.php\/wp-json\/wp\/v2\/comments?post=4140"}],"version-history":[{"count":1,"href":"https:\/\/dgospel.com.br\/portal\/index.php\/wp-json\/wp\/v2\/posts\/4140\/revisions"}],"predecessor-version":[{"id":4142,"href":"https:\/\/dgospel.com.br\/portal\/index.php\/wp-json\/wp\/v2\/posts\/4140\/revisions\/4142"}],"wp:featuredmedia":[{"embeddable":true,"href":"https:\/\/dgospel.com.br\/portal\/index.php\/wp-json\/wp\/v2\/media\/4141"}],"wp:attachment":[{"href":"https:\/\/dgospel.com.br\/portal\/index.php\/wp-json\/wp\/v2\/media?parent=4140"}],"wp:term":[{"taxonomy":"category","embeddable":true,"href":"https:\/\/dgospel.com.br\/portal\/index.php\/wp-json\/wp\/v2\/categories?post=4140"},{"taxonomy":"post_tag","embeddable":true,"href":"https:\/\/dgospel.com.br\/portal\/index.php\/wp-json\/wp\/v2\/tags?post=4140"}],"curies":[{"name":"wp","href":"https:\/\/api.w.org\/{rel}","templated":true}]}}