{"id":4154,"date":"2019-10-08T12:43:43","date_gmt":"2019-10-08T15:43:43","guid":{"rendered":"http:\/\/dgospel.com.br\/portal\/?p=4154"},"modified":"2019-10-08T12:43:45","modified_gmt":"2019-10-08T15:43:45","slug":"aumento-de-evangelicos-no-norte-do-brasil-preocupa-vaticano","status":"publish","type":"post","link":"https:\/\/dgospel.com.br\/portal\/index.php\/2019\/10\/08\/aumento-de-evangelicos-no-norte-do-brasil-preocupa-vaticano\/","title":{"rendered":"Aumento de evang\u00e9licos no Norte do Brasil preocupa Vaticano"},"content":{"rendered":"\n<p>O aumento do n\u00famero de evang\u00e9licos est\u00e1 em pauta no&nbsp;<a href=\"https:\/\/guiame.com.br\/gospel\/noticias\/evento-sobre-amazonia-no-vaticano-e-ideologico-e-politico-diz-pastor.html\"><strong>S\u00ednodo da Amaz\u00f4nia<\/strong><\/a>, que come\u00e7ou neste domingo (6) e ocorre at\u00e9 o final do m\u00eas no Vaticano. Na s\u00e9rie de reuni\u00f5es convocadas pelo Papa Francisco, a Igreja Cat\u00f3lica discute como se adaptar \u00e0 realidade amaz\u00f4nica.<\/p>\n\n\n\n<p>Segundo a pesquisa nacional do Datafolha realizada no fim de agosto, o n\u00famero de evang\u00e9licos (46%) superou o de cat\u00f3licos (45%) em 2019 no Norte brasileiro. \u00c9 um quadro completamente diferente de cinco anos atr\u00e1s \u2014 a popula\u00e7\u00e3o nortista era 56% cat\u00f3lica e 38% evang\u00e9lica em 2014.<\/p>\n\n\n\n<p>O mesmo fen\u00f4meno pode ser visto no cen\u00e1rio geral do Brasil. Enquanto a popula\u00e7\u00e3o em 1994 era 75% cat\u00f3lica, apenas 14% se declarava evang\u00e9lica. Em 2019, os membros da Igreja Cat\u00f3lica continuam sendo maioria, mas em uma propor\u00e7\u00e3o menor: 51% dos brasileiros s\u00e3o cat\u00f3licos enquanto 32% s\u00e3o evang\u00e9licos.<\/p>\n\n\n\n<p>De acordo com uma reportagem da Folha de S. Paulo, uma das dificuldades da Igreja Cat\u00f3lica na regi\u00e3o \u00e9 marcar&nbsp;<a href=\"https:\/\/guiame.com.br\/gospel\/missoes-acao-social\/indigenas-que-se-declaram-evangelicos-aumentam-para-32-segundo-datafolha.html\"><strong>presen\u00e7a nas \u00e1reas remotas<\/strong><\/a>&nbsp;devido \u00e0 sua estrutura hier\u00e1rquica e proibi\u00e7\u00e3o de presb\u00edteros casados e mulheres diaconisas, por exemplo.<\/p>\n\n\n\n<p>Por outro lado, sem um comando verticalizado, as igrejas evang\u00e9licas conseguem se multiplicar com mais facilidade. Um dos exemplos \u00e9 a Assembleia de Deus, inaugurada em Bel\u00e9m (PA), 118 anos atr\u00e1s, por mission\u00e1rios sueco-americanos.<\/p>\n\n\n\n<p>A Assembleia de Deus tem uma \u201clinguagem muito aclimatada a qualquer ambiente\u201d, disse \u00e0 Folha o pastor Jos\u00e9 Wellington Bezerra da Costa, l\u00edder do Minist\u00e9rio do Bel\u00e9m. \u201cN\u00e3o h\u00e1 um QG, \u00e9 eficiente exatamente por n\u00e3o ser centralizada. Sob o selo da Assembleia, h\u00e1 movimentos aut\u00f3ctones, nativos quase\u201d.<\/p>\n\n\n\n<p>Uma das dificuldades para o evangelismo na regi\u00e3o \u00e9 o dif\u00edcil acesso. Segundo o pastor Samuel C\u00e2mara, l\u00edder da igreja Assembleia de Deus em Bel\u00e9m do Par\u00e1, pode-se gastar at\u00e9 um m\u00eas para chegar a vilarejos mais isolados \u201cquando o rio est\u00e1 seco\u201d \u2014 viagem que, com um avi\u00e3o de pequeno porte, leva duas horas.&nbsp;<\/p>\n\n\n\n<p>O pastor disse ainda que homens de sua igreja j\u00e1 remaram por 90 dias para alcan\u00e7ar um desses pontos.\u00a0\u00a0<\/p>\n\n\n\n<p>De acordo com a antrop\u00f3loga francesa V\u00e9ronique Boyer, com 30 anos de pesquisa de campo na regi\u00e3o, a Igreja Cat\u00f3lica \u201cn\u00e3o levou a s\u00e9rio o crescimento evang\u00e9lico\u201d. Ela disse \u00e0 Folha que os primeiros mission\u00e1rios estrangeiros j\u00e1 atuavam onde padres n\u00e3o iam.&nbsp;<\/p>\n\n\n\n<p>\u201cE os evangelistas da segunda parte do s\u00e9culo 20 n\u00e3o pareciam advers\u00e1rios poderosos: pobres, sem apoio, sem estudos\u201d, observou. \u201cN\u00e3o sei se a gente pode falar em uma certa arrog\u00e2ncia da igreja, mas se parece um pouco com isto. \u00c9 claro que padres e bispos est\u00e3o agora muito preocupados\u201d.<\/p>\n\n\n\n<p>Dom Teodoro Tavares, bispo de Ponta de Pedras (PA), reconhece que se preocupa com \u201co n\u00famero de sacerdotes para atender a milhares de comunidades\u201d.<\/p>\n\n\n\n<p>Em 2018, uma proje\u00e7\u00e3o feita pelo Ceris (Centro de Estat\u00edstica Religiosa e Investiga\u00e7\u00f5es Sociais), \u00f3rg\u00e3o da CNBB (Confer\u00eancia Nacional de Bispos do Brasil), apontou 27,3 mil padres no pa\u00eds \u2014 um para cada 7.802 habitantes. O \u00edndice no Norte n\u00e3o foi informado pela institui\u00e7\u00e3o.<\/p>\n\n\n\n<p>Tavares, no entanto, questiona os n\u00fameros do Datafolha. O bispo acredita que \u00e9 errado dizer que evang\u00e9licos superam cat\u00f3licos no Norte e alega que, s\u00f3 em Rond\u00f4nia, a igreja evang\u00e9lica teria perdido a lideran\u00e7a (questionado, n\u00e3o explica quais seriam, de que ano ou qual metodologia foi usada no levantamento do Vaticano, informa a Folha).&nbsp;&nbsp;<\/p>\n\n\n\n<p> FONTE: GUIAME, COM INFORMA\u00c7\u00d5ES DA FOLHA DE S. PAULO <\/p>\n","protected":false},"excerpt":{"rendered":"<p>O aumento do n\u00famero de evang\u00e9licos est\u00e1 em pauta no&nbsp;S\u00ednodo da Amaz\u00f4nia, que come\u00e7ou neste domingo (6) e ocorre at\u00e9 o final do m\u00eas no Vaticano. Na s\u00e9rie de reuni\u00f5es convocadas pelo Papa Francisco, a Igreja Cat\u00f3lica discute como se adaptar \u00e0 realidade amaz\u00f4nica. Segundo a pesquisa nacional do Datafolha realizada no fim de agosto, [&hellip;]<\/p>\n","protected":false},"author":2,"featured_media":4155,"comment_status":"open","ping_status":"open","sticky":false,"template":"","format":"standard","meta":[],"categories":[5,6],"tags":[],"_links":{"self":[{"href":"https:\/\/dgospel.com.br\/portal\/index.php\/wp-json\/wp\/v2\/posts\/4154"}],"collection":[{"href":"https:\/\/dgospel.com.br\/portal\/index.php\/wp-json\/wp\/v2\/posts"}],"about":[{"href":"https:\/\/dgospel.com.br\/portal\/index.php\/wp-json\/wp\/v2\/types\/post"}],"author":[{"embeddable":true,"href":"https:\/\/dgospel.com.br\/portal\/index.php\/wp-json\/wp\/v2\/users\/2"}],"replies":[{"embeddable":true,"href":"https:\/\/dgospel.com.br\/portal\/index.php\/wp-json\/wp\/v2\/comments?post=4154"}],"version-history":[{"count":1,"href":"https:\/\/dgospel.com.br\/portal\/index.php\/wp-json\/wp\/v2\/posts\/4154\/revisions"}],"predecessor-version":[{"id":4156,"href":"https:\/\/dgospel.com.br\/portal\/index.php\/wp-json\/wp\/v2\/posts\/4154\/revisions\/4156"}],"wp:featuredmedia":[{"embeddable":true,"href":"https:\/\/dgospel.com.br\/portal\/index.php\/wp-json\/wp\/v2\/media\/4155"}],"wp:attachment":[{"href":"https:\/\/dgospel.com.br\/portal\/index.php\/wp-json\/wp\/v2\/media?parent=4154"}],"wp:term":[{"taxonomy":"category","embeddable":true,"href":"https:\/\/dgospel.com.br\/portal\/index.php\/wp-json\/wp\/v2\/categories?post=4154"},{"taxonomy":"post_tag","embeddable":true,"href":"https:\/\/dgospel.com.br\/portal\/index.php\/wp-json\/wp\/v2\/tags?post=4154"}],"curies":[{"name":"wp","href":"https:\/\/api.w.org\/{rel}","templated":true}]}}