{"id":4157,"date":"2019-10-08T12:47:46","date_gmt":"2019-10-08T15:47:46","guid":{"rendered":"http:\/\/dgospel.com.br\/portal\/?p=4157"},"modified":"2019-10-08T12:47:53","modified_gmt":"2019-10-08T15:47:53","slug":"aline-barros-diz-que-nao-deixara-de-falar-de-jesus-na-tv","status":"publish","type":"post","link":"https:\/\/dgospel.com.br\/portal\/index.php\/2019\/10\/08\/aline-barros-diz-que-nao-deixara-de-falar-de-jesus-na-tv\/","title":{"rendered":"Aline Barros diz que n\u00e3o deixar\u00e1 de falar de Jesus na TV"},"content":{"rendered":"\n<figure class=\"wp-block-embed-youtube wp-block-embed is-type-video is-provider-youtube wp-embed-aspect-16-9 wp-has-aspect-ratio\"><div class=\"wp-block-embed__wrapper\">\n<iframe loading=\"lazy\" title=\"Vai ter festa com Aline Barros - Completo | Programa Eliana (06\/10\/19)\" width=\"630\" height=\"354\" src=\"https:\/\/www.youtube.com\/embed\/eu333zFqfrM?feature=oembed\" frameborder=\"0\" allow=\"accelerometer; autoplay; encrypted-media; gyroscope; picture-in-picture\" allowfullscreen><\/iframe>\n<\/div><\/figure>\n\n\n\n<p>\n\nNo \u00faltimo domingo (6), foi ao ar pelo SBT a participa\u00e7\u00e3o de&nbsp;<strong><a href=\"https:\/\/guiame.com.br\/gospel\/mundo-cristao\/aline-barros-sempre-mostro-que-aquilo-que-eu-sou-vem-do-senhor.html\">Aline Barros<\/a><\/strong>&nbsp;no programa da Eliana. A cantora recebeu uma homenagem em raz\u00e3o do seu anivers\u00e1rio e tamb\u00e9m falou com a apresentadora sobre fam\u00edlia, f\u00e9 e carreira.\n\n<\/p>\n\n\n\n<p>Em certo momento da participa\u00e7\u00e3o da cantora no program (momento 31:55 do v\u00eddeo acima), Eliana chamou um quadro no qual a Aline Barros teve a oportunidade de comentar not\u00edcias divulgadas sobre ela na m\u00eddia, apontando-as como &#8220;Verdade ou Fake News&#8221;.<\/p>\n\n\n\n<p>Falando sobre uma das not\u00edcias, com o t\u00edtulo &#8220;Aline Barros divide opini\u00f5es na web ap\u00f3s &#8216;pregar&#8217; na Globo&#8221;, a cantora explicou que falar sobre sua f\u00e9 em Jesus \u00e9 algo natural dela e ela n\u00e3o deixar\u00e1 de fazer isso em nenhum programa.<\/p>\n\n\n\n<p>&#8220;Eu nem sabia que tinha acontecido essa pol\u00eamica toda. Mas de fato, eu fui naquele programa, foi muito bom, as pessoas foram muito aben\u00e7oadas. E quando as pessoas me levam para cantar e fazer algum tipo de programa, elas sabem que comigo vai a minha ess\u00eancia, aquilo que eu acredito. Ent\u00e3o, n\u00e3o tem como ser diferente, eu sou isso a\u00ed&#8221;, explicou.<\/p>\n\n\n\n<p>Em outra not\u00edcia, o t\u00edtulo era &#8220;Aline Barros exorta o p\u00fablico a&nbsp;<strong><a href=\"https:\/\/guiame.com.br\/gospel\/videos\/aline-barros-biblia-e-o-unico-livro-cujo-autor-permanece-vivo-para-sempre.html\">ler a B\u00edblia<\/a><\/strong>: &#8216;Pessoas gostam de ouvir, mas n\u00e3o de obedecer'&#8221;. A cantora afirmou que ela realmente tem o costume de fazer esse tipo de exorta\u00e7\u00e3o.<\/p>\n\n\n\n<p>&#8220;Deve ser verdade, porque eu sempre falo a respeito de voc\u00ea n\u00e3o somente ouvir, mas de praticar aquilo que ouve, que l\u00ea na Palavra de Deus. Se voc\u00ea diz que ama a Deus, ent\u00e3o siga os conselhos que Ele te d\u00e1, as orienta\u00e7\u00f5es que Ele deixou para voc\u00ea na Palavra&#8221;, disse.<\/p>\n\n\n\n<p><strong>Fam\u00edlia<\/strong><\/p>\n\n\n\n<p>Falando sobre seu casamento, Aline afirmou que realmente se guardou para seu marido, o ex-jogador de futebol Gilmar, o qual tamb\u00e9m foi seu primeiro namorado.<\/p>\n\n\n\n<p>&#8220;Verdade! S\u00f3 que n\u00e3o foram quatro anos, foram quatro anos e meio. Gilmar foi meu primeiro namorado. Eu estava com 18 anos e n\u00f3s optamos por esperar a hora certa, o momento certo. Acho que tudo tem a sua hora, a B\u00edblia nos orienta assim&#8221;, destacou.<\/p>\n\n\n\n<p>Ao falar sobre maternidade, ela destacou que corrigir tamb\u00e9m \u00e9 um ato de amor.<\/p>\n\n\n\n<p>&#8220;N\u00f3s, como pais, a gente acaba sendo refer\u00eancia para os nossos filhos em tudo. Eu sou m\u00e3ezona, mas quando tenho que colocar os meus filhos na linha e falar com eles a verdade para corrig\u00ed-los, at\u00e9 para que amanh\u00e3 eles sejam melhores do que s\u00e3o hoje, tem que fazer&#8221;, disse. &#8220;O que eu tenho aprendido \u00e9 que quando a gente ama, a gente corrige. Se voc\u00ea n\u00e3o ama, vai deixar a coisa passar e vai fazer pouco caso. N\u00e3o, n\u00e3o \u00e9 bem assim. O n\u00e3o tamb\u00e9m faz parte, tem que ter isso&#8221;.<\/p>\n\n\n\n<p> FONTE: GUIAME <\/p>\n","protected":false},"excerpt":{"rendered":"<p>No \u00faltimo domingo (6), foi ao ar pelo SBT a participa\u00e7\u00e3o de&nbsp;Aline Barros&nbsp;no programa da Eliana. A cantora recebeu uma homenagem em raz\u00e3o do seu anivers\u00e1rio e tamb\u00e9m falou com a apresentadora sobre fam\u00edlia, f\u00e9 e carreira. Em certo momento da participa\u00e7\u00e3o da cantora no program (momento 31:55 do v\u00eddeo acima), Eliana chamou um quadro [&hellip;]<\/p>\n","protected":false},"author":2,"featured_media":4158,"comment_status":"open","ping_status":"open","sticky":false,"template":"","format":"standard","meta":[],"categories":[5,6],"tags":[],"_links":{"self":[{"href":"https:\/\/dgospel.com.br\/portal\/index.php\/wp-json\/wp\/v2\/posts\/4157"}],"collection":[{"href":"https:\/\/dgospel.com.br\/portal\/index.php\/wp-json\/wp\/v2\/posts"}],"about":[{"href":"https:\/\/dgospel.com.br\/portal\/index.php\/wp-json\/wp\/v2\/types\/post"}],"author":[{"embeddable":true,"href":"https:\/\/dgospel.com.br\/portal\/index.php\/wp-json\/wp\/v2\/users\/2"}],"replies":[{"embeddable":true,"href":"https:\/\/dgospel.com.br\/portal\/index.php\/wp-json\/wp\/v2\/comments?post=4157"}],"version-history":[{"count":1,"href":"https:\/\/dgospel.com.br\/portal\/index.php\/wp-json\/wp\/v2\/posts\/4157\/revisions"}],"predecessor-version":[{"id":4159,"href":"https:\/\/dgospel.com.br\/portal\/index.php\/wp-json\/wp\/v2\/posts\/4157\/revisions\/4159"}],"wp:featuredmedia":[{"embeddable":true,"href":"https:\/\/dgospel.com.br\/portal\/index.php\/wp-json\/wp\/v2\/media\/4158"}],"wp:attachment":[{"href":"https:\/\/dgospel.com.br\/portal\/index.php\/wp-json\/wp\/v2\/media?parent=4157"}],"wp:term":[{"taxonomy":"category","embeddable":true,"href":"https:\/\/dgospel.com.br\/portal\/index.php\/wp-json\/wp\/v2\/categories?post=4157"},{"taxonomy":"post_tag","embeddable":true,"href":"https:\/\/dgospel.com.br\/portal\/index.php\/wp-json\/wp\/v2\/tags?post=4157"}],"curies":[{"name":"wp","href":"https:\/\/api.w.org\/{rel}","templated":true}]}}