{"id":4160,"date":"2019-10-08T12:55:01","date_gmt":"2019-10-08T15:55:01","guid":{"rendered":"http:\/\/dgospel.com.br\/portal\/?p=4160"},"modified":"2019-10-08T12:55:05","modified_gmt":"2019-10-08T15:55:05","slug":"mais-medicos-para-o-brasil-publicados-nomes-e-locais-de-trabalho","status":"publish","type":"post","link":"https:\/\/dgospel.com.br\/portal\/index.php\/2019\/10\/08\/mais-medicos-para-o-brasil-publicados-nomes-e-locais-de-trabalho\/","title":{"rendered":"Mais M\u00e9dicos para o Brasil: publicados nomes e locais de trabalho"},"content":{"rendered":"\n<p>A lista com os nomes e registros de m\u00e9dicos intercambistas do<em>&nbsp;Projeto Mais M\u00e9dicos<\/em>&nbsp;para o Brasil est\u00e1 publicada na edi\u00e7\u00e3o desta ter\u00e7a-feira (8) do&nbsp;<em>Di\u00e1rio Oficial da Uni\u00e3o.<\/em><\/p>\n\n\n\n<p>De acordo com a Portaria n\u00ba 28, de 7 de outubro de 2019, da Secretaria de Aten\u00e7\u00e3o Prim\u00e1ria \u00e0 Sa\u00fade, fica concedido registro \u00fanico para o exerc\u00edcio da medicina, no \u00e2mbito do Projeto Mais M\u00e9dicos para o Brasil, aos m\u00e9dicos intercambistas.<\/p>\n\n\n\n<p>A portaria determina tamb\u00e9m a expedi\u00e7\u00e3o das carteiras de identifica\u00e7\u00e3o de todos que atenderam os requisitos legais para as atividades do projeto previstas no projeto. O documento informa ainda o local onde o m\u00e9dico vai trabalhar.<\/p>\n\n\n\n<p>De acordo com o Minist\u00e9rio da Sa\u00fade, o projeto \u00e9 parte do esfor\u00e7o do governo federal, com apoio de estados e munic\u00edpios, para &#8220;a melhoria do atendimento aos usu\u00e1rios do Sistema \u00danico de Sa\u00fade (SUS). Al\u00e9m de levar mais m\u00e9dicos para regi\u00f5es onde h\u00e1 escassez ou aus\u00eancia desses profissionais, o programa prev\u00ea, ainda, mais investimentos para constru\u00e7\u00e3o, reforma e amplia\u00e7\u00e3o de Unidades B\u00e1sicas de Sa\u00fade (UBS), al\u00e9m de novas vagas de gradua\u00e7\u00e3o, e resid\u00eancia m\u00e9dica para qualificar a forma\u00e7\u00e3o desses profissionais&#8221;.<\/p>\n\n\n\n<p>Segundo a pasta, o<em>&nbsp;Mais M\u00e9dicos para o Brasil<\/em>&nbsp;se soma a um conjunto de a\u00e7\u00f5es e iniciativas do governo objetivando o fortalecimento da Aten\u00e7\u00e3o B\u00e1sica do pa\u00eds.<\/p>\n\n\n\n<p><a href=\"http:\/\/www.in.gov.br\/web\/dou\/-\/portaria-n-28-de-7-de-outubro-de-2019-220479768\" target=\"_blank\" rel=\"noreferrer noopener\">Acesse aqui<\/a>&nbsp;a portaria com os nomes e locais.<\/p>\n\n\n\n<p><strong>Fonte: Ag\u00eancia Brasil &#8211; Foto: Fabio Rodrigues Pozzebom\/Ag\u00eancia Brasil<\/strong><\/p>\n","protected":false},"excerpt":{"rendered":"<p>A lista com os nomes e registros de m\u00e9dicos intercambistas do&nbsp;Projeto Mais M\u00e9dicos&nbsp;para o Brasil est\u00e1 publicada na edi\u00e7\u00e3o desta ter\u00e7a-feira (8) do&nbsp;Di\u00e1rio Oficial da Uni\u00e3o. De acordo com a Portaria n\u00ba 28, de 7 de outubro de 2019, da Secretaria de Aten\u00e7\u00e3o Prim\u00e1ria \u00e0 Sa\u00fade, fica concedido registro \u00fanico para o exerc\u00edcio da medicina, [&hellip;]<\/p>\n","protected":false},"author":2,"featured_media":4161,"comment_status":"open","ping_status":"open","sticky":false,"template":"","format":"standard","meta":[],"categories":[6,4],"tags":[],"_links":{"self":[{"href":"https:\/\/dgospel.com.br\/portal\/index.php\/wp-json\/wp\/v2\/posts\/4160"}],"collection":[{"href":"https:\/\/dgospel.com.br\/portal\/index.php\/wp-json\/wp\/v2\/posts"}],"about":[{"href":"https:\/\/dgospel.com.br\/portal\/index.php\/wp-json\/wp\/v2\/types\/post"}],"author":[{"embeddable":true,"href":"https:\/\/dgospel.com.br\/portal\/index.php\/wp-json\/wp\/v2\/users\/2"}],"replies":[{"embeddable":true,"href":"https:\/\/dgospel.com.br\/portal\/index.php\/wp-json\/wp\/v2\/comments?post=4160"}],"version-history":[{"count":1,"href":"https:\/\/dgospel.com.br\/portal\/index.php\/wp-json\/wp\/v2\/posts\/4160\/revisions"}],"predecessor-version":[{"id":4162,"href":"https:\/\/dgospel.com.br\/portal\/index.php\/wp-json\/wp\/v2\/posts\/4160\/revisions\/4162"}],"wp:featuredmedia":[{"embeddable":true,"href":"https:\/\/dgospel.com.br\/portal\/index.php\/wp-json\/wp\/v2\/media\/4161"}],"wp:attachment":[{"href":"https:\/\/dgospel.com.br\/portal\/index.php\/wp-json\/wp\/v2\/media?parent=4160"}],"wp:term":[{"taxonomy":"category","embeddable":true,"href":"https:\/\/dgospel.com.br\/portal\/index.php\/wp-json\/wp\/v2\/categories?post=4160"},{"taxonomy":"post_tag","embeddable":true,"href":"https:\/\/dgospel.com.br\/portal\/index.php\/wp-json\/wp\/v2\/tags?post=4160"}],"curies":[{"name":"wp","href":"https:\/\/api.w.org\/{rel}","templated":true}]}}