{"id":4166,"date":"2019-10-09T14:59:30","date_gmt":"2019-10-09T17:59:30","guid":{"rendered":"http:\/\/dgospel.com.br\/portal\/?p=4166"},"modified":"2019-10-09T14:59:53","modified_gmt":"2019-10-09T17:59:53","slug":"pl-de-rogerio-freitas-dispoe-sobre-acoes-de-combate-ao-suicidio-de-criancas-e-adolescente","status":"publish","type":"post","link":"https:\/\/dgospel.com.br\/portal\/index.php\/2019\/10\/09\/pl-de-rogerio-freitas-dispoe-sobre-acoes-de-combate-ao-suicidio-de-criancas-e-adolescente\/","title":{"rendered":"PL de Rog\u00e9rio Freitas disp\u00f5e sobre a\u00e7\u00f5es de combate ao suic\u00eddio de crian\u00e7as e adolescente"},"content":{"rendered":"\n<p>\n\nCom o objetivo de prevenir e informar o p\u00fablico jovem sobre estrat\u00e9gias e a\u00e7\u00f5es de combate ao suic\u00eddio, o vereador Rog\u00e9rio Freitas (MDB), apresentou Projeto de Lei que disp\u00f5e sobre o est\u00edmulo \u00e0s a\u00e7\u00f5es de combate ao suic\u00eddio e promo\u00e7\u00e3o do direito ao acesso \u00e0 sa\u00fade mental entre crian\u00e7as e adolescentes, no \u00e2mbito do munic\u00edpio de Palmas.<\/p>\n\n\n\n<p>As a\u00e7\u00f5es devem levar em conta as press\u00f5es espec\u00edficas sofridas por crian\u00e7as e adolescentes nos ambientes de trabalho e de estudo, apoiando-os no enfrentamento dos desafios e dificuldades vivenciados nessas etapas da vida.<\/p>\n\n\n\n<p>De acordo com o PL, a realiza\u00e7\u00e3o de palestras, discuss\u00f5es, rodas e eventos com especialistas que abordem o tema s\u00e3o algumas das propostas. Al\u00e9m de &nbsp;exposi\u00e7\u00e3o de cartazes e fomento de publicidade informativa sobre a Secretaria de Assist\u00eancia Social e seu n\u00famero telef\u00f4nico de atendimento.<\/p>\n\n\n\n<p>Conforme o vereador, o tema precisa ser discutido e as a\u00e7\u00f5es colocadas em pr\u00e1tica, para que vidas sejam salvas. &#8220;Aumenta assustadoramente no pa\u00eds o n\u00famero de casos de suic\u00eddios entre crian\u00e7as e adolescentes, de forma que o suic\u00eddio tornou-se a segunda maior causa de mortes entre adolescentes. \u00c9 fun\u00e7\u00e3o do Estado efetuar atividades que garantam desenvolvimento harm\u00f4nico e sadio \u00e0 crian\u00e7a, ao adolescente, e a todos de uma maneira geral, &nbsp;afastando instrumentos de viola\u00e7\u00e3o e agressividade&#8221;, explica Freitas.<\/p>\n\n\n\n<p>Entre as diretrizes para para estimular as a\u00e7\u00f5es est\u00e3o: ter como espa\u00e7o priorit\u00e1rio de atua\u00e7\u00e3o as escolas, al\u00e9m de servi\u00e7os de acolhimento institucional, podendo ser estendido para outros locais de estudo, trabalho, moradia e socializa\u00e7\u00e3o. Como tamb\u00e9m, orientar docentes e equipes pedag\u00f3gicas para a implementa\u00e7\u00e3o das a\u00e7\u00f5es de discuss\u00e3o, preven\u00e7\u00e3o, orienta\u00e7\u00e3o e solu\u00e7\u00e3o do problema.<\/p>\n\n\n\n<p>Com informa\u00e7\u00e3o da Ascom vereador Rog\u00e9rio Freitas, Foto: Aline Batista<br><\/p>\n","protected":false},"excerpt":{"rendered":"<p>Com o objetivo de prevenir e informar o p\u00fablico jovem sobre estrat\u00e9gias e a\u00e7\u00f5es de combate ao suic\u00eddio, o vereador Rog\u00e9rio Freitas (MDB), apresentou Projeto de Lei que disp\u00f5e sobre o est\u00edmulo \u00e0s a\u00e7\u00f5es de combate ao suic\u00eddio e promo\u00e7\u00e3o do direito ao acesso \u00e0 sa\u00fade mental entre crian\u00e7as e adolescentes, no \u00e2mbito do munic\u00edpio [&hellip;]<\/p>\n","protected":false},"author":2,"featured_media":4167,"comment_status":"open","ping_status":"open","sticky":false,"template":"","format":"standard","meta":[],"categories":[8],"tags":[],"_links":{"self":[{"href":"https:\/\/dgospel.com.br\/portal\/index.php\/wp-json\/wp\/v2\/posts\/4166"}],"collection":[{"href":"https:\/\/dgospel.com.br\/portal\/index.php\/wp-json\/wp\/v2\/posts"}],"about":[{"href":"https:\/\/dgospel.com.br\/portal\/index.php\/wp-json\/wp\/v2\/types\/post"}],"author":[{"embeddable":true,"href":"https:\/\/dgospel.com.br\/portal\/index.php\/wp-json\/wp\/v2\/users\/2"}],"replies":[{"embeddable":true,"href":"https:\/\/dgospel.com.br\/portal\/index.php\/wp-json\/wp\/v2\/comments?post=4166"}],"version-history":[{"count":1,"href":"https:\/\/dgospel.com.br\/portal\/index.php\/wp-json\/wp\/v2\/posts\/4166\/revisions"}],"predecessor-version":[{"id":4168,"href":"https:\/\/dgospel.com.br\/portal\/index.php\/wp-json\/wp\/v2\/posts\/4166\/revisions\/4168"}],"wp:featuredmedia":[{"embeddable":true,"href":"https:\/\/dgospel.com.br\/portal\/index.php\/wp-json\/wp\/v2\/media\/4167"}],"wp:attachment":[{"href":"https:\/\/dgospel.com.br\/portal\/index.php\/wp-json\/wp\/v2\/media?parent=4166"}],"wp:term":[{"taxonomy":"category","embeddable":true,"href":"https:\/\/dgospel.com.br\/portal\/index.php\/wp-json\/wp\/v2\/categories?post=4166"},{"taxonomy":"post_tag","embeddable":true,"href":"https:\/\/dgospel.com.br\/portal\/index.php\/wp-json\/wp\/v2\/tags?post=4166"}],"curies":[{"name":"wp","href":"https:\/\/api.w.org\/{rel}","templated":true}]}}