{"id":4169,"date":"2019-10-10T09:48:50","date_gmt":"2019-10-10T12:48:50","guid":{"rendered":"http:\/\/dgospel.com.br\/portal\/?p=4169"},"modified":"2019-10-10T09:48:52","modified_gmt":"2019-10-10T12:48:52","slug":"prefeitura-de-palmas-divulga-resultado-da-eleicao-para-membros-do-conselho-tutelar-de-palmas","status":"publish","type":"post","link":"https:\/\/dgospel.com.br\/portal\/index.php\/2019\/10\/10\/prefeitura-de-palmas-divulga-resultado-da-eleicao-para-membros-do-conselho-tutelar-de-palmas\/","title":{"rendered":"Prefeitura de Palmas divulga resultado da elei\u00e7\u00e3o para membros do Conselho Tutelar de Palmas"},"content":{"rendered":"\n<p>Saiu o resultado da elei\u00e7\u00e3o para escolha de membros do Conselho Tutelar de Palmas, para o quadri\u00eanio 2020\/2023, realizada no \u00faltimo domingo, 06. O resultado ser\u00e1 publicado no Di\u00e1rio Oficial do Munic\u00edpio (DOM) de Palmas desta quarta-feira, 09, e pode ser conferido\u00a0<a rel=\"noreferrer noopener\" target=\"_blank\" href=\"https:\/\/www.palmas.to.gov.br\/media\/doc\/9_10_2019_18_45_3.pdf\">Aqui<\/a>.<\/p>\n\n\n\n<p>Foram eleitos os 20 candidatos mais bem votados, sendo cinco titulares e cinco suplentes para cada regi\u00e3o que possui um Conselho Tutelar: Regi\u00f5es Norte, Central, Sul I e Sul II, conforme publica\u00e7\u00e3o (<a rel=\"noreferrer noopener\" target=\"_blank\" href=\"https:\/\/concursos.unitins.br\/concursos\/download\/arquivos\/[637044867849062500]edital11_recursos.pdf\">Edital<\/a>).<\/p>\n\n\n\n<p>A elei\u00e7\u00e3o foi a quarta etapa do processo de escolha dos Conselheiros, que iniciou-se no m\u00eas de abril deste ano, onde os candidatos passaram por rigoroso processo de sele\u00e7\u00e3o que envolveu, dentre outras avalia\u00e7\u00f5es, a realiza\u00e7\u00e3o de prova escrita, comprova\u00e7\u00e3o de experi\u00eancias em trabalhos com crian\u00e7as e adolescentes e possuir boa conduta moral comprovada por meio de ficha criminal sem registros.<\/p>\n\n\n\n<p>O presidente do Conselho Municipal dos Direitos da Crian\u00e7a e do Adolescente (CNDCA), Claudiney Leite de Souza, disse que o processo transcorreu com muita tranquilidade e que n\u00e3o houve nenhuma ocorr\u00eancia que pudesse desabonar o pleito. \u201cO processo de escolha dos membros do Conselho Tutelar n\u00e3o \u00e9 uma elei\u00e7\u00e3o ordin\u00e1ria, a vota\u00e7\u00e3o \u00e9 apenas uma das seis etapas que envolvem todo o processo de escolha dos futuros Conselheiros Tutelares\u201d, esclareceu.<\/p>\n\n\n\n<p>De acordo com o presidente, mais de 20 mil votantes compareceram \u00e0s urnas para escolher os novos Conselheiros. \u201cTivemos um grande n\u00famero de eleitores que compareceram \u00e0 vota\u00e7\u00e3o e tudo ocorreu dentro da normalidade, apenas um imprevisto administrativo que foi a troca de uma das urnas disponibilizadas pelo Tribunal Regional Eleitoral (TRE), um procedimento r\u00e1pido que n\u00e3o interferiu na tranquilidade do processo\u201d, esclareceu.<\/p>\n\n\n\n<p>As pr\u00f3ximas etapas do processo de escolha ser\u00e3o a forma\u00e7\u00e3o inicial dos eleitos, seguida da diploma\u00e7\u00e3o e posse, previstas para o dia 10 de janeiro de 2020.<\/p>\n","protected":false},"excerpt":{"rendered":"<p>Saiu o resultado da elei\u00e7\u00e3o para escolha de membros do Conselho Tutelar de Palmas, para o quadri\u00eanio 2020\/2023, realizada no \u00faltimo domingo, 06. O resultado ser\u00e1 publicado no Di\u00e1rio Oficial do Munic\u00edpio (DOM) de Palmas desta quarta-feira, 09, e pode ser conferido\u00a0Aqui. Foram eleitos os 20 candidatos mais bem votados, sendo cinco titulares e cinco [&hellip;]<\/p>\n","protected":false},"author":2,"featured_media":4170,"comment_status":"open","ping_status":"open","sticky":false,"template":"","format":"standard","meta":[],"categories":[3],"tags":[],"_links":{"self":[{"href":"https:\/\/dgospel.com.br\/portal\/index.php\/wp-json\/wp\/v2\/posts\/4169"}],"collection":[{"href":"https:\/\/dgospel.com.br\/portal\/index.php\/wp-json\/wp\/v2\/posts"}],"about":[{"href":"https:\/\/dgospel.com.br\/portal\/index.php\/wp-json\/wp\/v2\/types\/post"}],"author":[{"embeddable":true,"href":"https:\/\/dgospel.com.br\/portal\/index.php\/wp-json\/wp\/v2\/users\/2"}],"replies":[{"embeddable":true,"href":"https:\/\/dgospel.com.br\/portal\/index.php\/wp-json\/wp\/v2\/comments?post=4169"}],"version-history":[{"count":1,"href":"https:\/\/dgospel.com.br\/portal\/index.php\/wp-json\/wp\/v2\/posts\/4169\/revisions"}],"predecessor-version":[{"id":4171,"href":"https:\/\/dgospel.com.br\/portal\/index.php\/wp-json\/wp\/v2\/posts\/4169\/revisions\/4171"}],"wp:featuredmedia":[{"embeddable":true,"href":"https:\/\/dgospel.com.br\/portal\/index.php\/wp-json\/wp\/v2\/media\/4170"}],"wp:attachment":[{"href":"https:\/\/dgospel.com.br\/portal\/index.php\/wp-json\/wp\/v2\/media?parent=4169"}],"wp:term":[{"taxonomy":"category","embeddable":true,"href":"https:\/\/dgospel.com.br\/portal\/index.php\/wp-json\/wp\/v2\/categories?post=4169"},{"taxonomy":"post_tag","embeddable":true,"href":"https:\/\/dgospel.com.br\/portal\/index.php\/wp-json\/wp\/v2\/tags?post=4169"}],"curies":[{"name":"wp","href":"https:\/\/api.w.org\/{rel}","templated":true}]}}