{"id":4181,"date":"2019-10-11T10:50:10","date_gmt":"2019-10-11T13:50:10","guid":{"rendered":"http:\/\/dgospel.com.br\/portal\/?p=4181"},"modified":"2019-10-11T10:50:11","modified_gmt":"2019-10-11T13:50:11","slug":"defesa-civil-alerta-para-os-cuidados-no-periodo-de-chuvas","status":"publish","type":"post","link":"https:\/\/dgospel.com.br\/portal\/index.php\/2019\/10\/11\/defesa-civil-alerta-para-os-cuidados-no-periodo-de-chuvas\/","title":{"rendered":"Defesa Civil alerta para os cuidados no per\u00edodo de chuvas"},"content":{"rendered":"\n<p><strong>Neste per\u00edodo chuvoso a Defesa Civil de Palmas alerta a popula\u00e7\u00e3o sobre alguns cuidados durante os per\u00edodos de precipita\u00e7\u00f5es intensas como a que ocorreu na tarde desta quinta-feira, 10.<\/strong><\/p>\n\n\n\n<p><br><strong>O superintendente da Defesa Civil, Bruno Maciel, orienta as pessoas a procurarem abrigos em locais seguros em caso de emerg\u00eancia e ele d\u00e1 outras dicas. \u201cComo entramos no per\u00edodo de chuvas quem puder deve evitar sair de casa ou de locais protegidos durante os per\u00edodos de fortes precipita\u00e7\u00f5es. Quem estiver na rua n\u00e3o \u00e9 recomendado se proteger embaixo de \u00e1rvores, j\u00e1 que elas podem cair ou atrair raios\u201d, destacou.<\/strong><\/p>\n\n\n\n<p><br><strong>Outras dicas do \u00f3rg\u00e3o \u00e9 prestar muita aten\u00e7\u00e3o ao ligar equipamentos el\u00e9tricos e eletr\u00f4nicos; n\u00e3o estacionar os carros pr\u00f3ximos a \u00e1rvores e postes de ilumina\u00e7\u00e3o, al\u00e9m de sempre permanecer no ve\u00edculo durante as chuvas com raios. \u201c\u00c9 bom limpar o telhado e calhas das casas, mas \u00e9 fundamental n\u00e3o jogar lixo em terrenos baldios, bueiros, quintais e nem em ruas e c\u00f3rregos\u201d, ressaltou o superintendente.<\/strong><\/p>\n\n\n\n<p><strong>A fim de minimizar os danos causados pela forte chuva ocorrida no in\u00edcio da tarde de hoje, equipes da Secretaria Infraestrutura e Servi\u00e7os P\u00fablicos (Seisp) est\u00e3o nas ruas da Capital recolhendo \u00e1rvores ca\u00eddas, galhadas e refor\u00e7ando na limpeza urbana.&nbsp;<\/strong><\/p>\n\n\n\n<p><br><strong>A Defesa Civil informa ainda que a popula\u00e7\u00e3o pode entrar em contato com a institui\u00e7\u00e3o caso suspeite de problemas estruturais em suas resid\u00eancias, estabelecimentos e nas vias p\u00fablicas. Os telefones de contato s\u00e3o o 153 e 99242-3285.<\/strong><\/p>\n","protected":false},"excerpt":{"rendered":"<p>Neste per\u00edodo chuvoso a Defesa Civil de Palmas alerta a popula\u00e7\u00e3o sobre alguns cuidados durante os per\u00edodos de precipita\u00e7\u00f5es intensas como a que ocorreu na tarde desta quinta-feira, 10. O superintendente da Defesa Civil, Bruno Maciel, orienta as pessoas a procurarem abrigos em locais seguros em caso de emerg\u00eancia e ele d\u00e1 outras dicas. \u201cComo [&hellip;]<\/p>\n","protected":false},"author":2,"featured_media":4182,"comment_status":"open","ping_status":"open","sticky":false,"template":"","format":"standard","meta":[],"categories":[3],"tags":[],"_links":{"self":[{"href":"https:\/\/dgospel.com.br\/portal\/index.php\/wp-json\/wp\/v2\/posts\/4181"}],"collection":[{"href":"https:\/\/dgospel.com.br\/portal\/index.php\/wp-json\/wp\/v2\/posts"}],"about":[{"href":"https:\/\/dgospel.com.br\/portal\/index.php\/wp-json\/wp\/v2\/types\/post"}],"author":[{"embeddable":true,"href":"https:\/\/dgospel.com.br\/portal\/index.php\/wp-json\/wp\/v2\/users\/2"}],"replies":[{"embeddable":true,"href":"https:\/\/dgospel.com.br\/portal\/index.php\/wp-json\/wp\/v2\/comments?post=4181"}],"version-history":[{"count":1,"href":"https:\/\/dgospel.com.br\/portal\/index.php\/wp-json\/wp\/v2\/posts\/4181\/revisions"}],"predecessor-version":[{"id":4183,"href":"https:\/\/dgospel.com.br\/portal\/index.php\/wp-json\/wp\/v2\/posts\/4181\/revisions\/4183"}],"wp:featuredmedia":[{"embeddable":true,"href":"https:\/\/dgospel.com.br\/portal\/index.php\/wp-json\/wp\/v2\/media\/4182"}],"wp:attachment":[{"href":"https:\/\/dgospel.com.br\/portal\/index.php\/wp-json\/wp\/v2\/media?parent=4181"}],"wp:term":[{"taxonomy":"category","embeddable":true,"href":"https:\/\/dgospel.com.br\/portal\/index.php\/wp-json\/wp\/v2\/categories?post=4181"},{"taxonomy":"post_tag","embeddable":true,"href":"https:\/\/dgospel.com.br\/portal\/index.php\/wp-json\/wp\/v2\/tags?post=4181"}],"curies":[{"name":"wp","href":"https:\/\/api.w.org\/{rel}","templated":true}]}}