{"id":4187,"date":"2019-10-14T12:50:35","date_gmt":"2019-10-14T15:50:35","guid":{"rendered":"http:\/\/dgospel.com.br\/portal\/?p=4187"},"modified":"2019-10-14T12:55:43","modified_gmt":"2019-10-14T15:55:43","slug":"damares-se-bolsonaro-nao-quiser-se-reeleger-deus-vai-levantar-outro-conservador","status":"publish","type":"post","link":"https:\/\/dgospel.com.br\/portal\/index.php\/2019\/10\/14\/damares-se-bolsonaro-nao-quiser-se-reeleger-deus-vai-levantar-outro-conservador\/","title":{"rendered":"Damares: \u201cSe Bolsonaro n\u00e3o quiser se reeleger, Deus vai levantar outro conservador\u201d"},"content":{"rendered":"\n<p>A ministra da Mulher, da Fam\u00edlia e dos\nDireitos Humanos,&nbsp;<strong>Damares\nAlves<\/strong>, foi categ\u00f3rica, neste s\u00e1bado (12), sobre um projeto de\nreelei\u00e7\u00e3o. \u201dAs pessoas me perguntam: mas j\u00e1 est\u00e1 falando em reelei\u00e7\u00e3o? Sim, eu\nj\u00e1 estou falando. Vamos precisar de pelo menos 12 anos para mudar o Brasil. Se\no presidente&nbsp;<a href=\"https:\/\/www.huffpostbrasil.com\/news\/jair-bolsonaro\/\" target=\"_blank\" rel=\"noreferrer noopener\"><strong>Jair Bolsonaro<\/strong><\/a>&nbsp;n\u00e3o quiser se\nreeleger, Deus vai ter que levantar um outro conservador. N\u00e3o vamos mais\nsuportar sanguin\u00e1rios que n\u00e3o s\u00e3o a direita\u201d, disse na Confer\u00eancia de A\u00e7\u00e3o\nPol\u00edtica Conservadora (CPAC).&nbsp;&nbsp;<\/p>\n\n\n\n<p>Ela afirmou que o governo do presidente Jair\nBolsonaro vai \u201cdar t\u00e3o certo que vamos ficar 4, 8, 12 anos\u201d.&nbsp;<\/p>\n\n\n\n<p>Com um discurso inflamado e muito aplaudido\npela plateia conservadora, Damares aproveitou para responder a manifesta\u00e7\u00e3o do\narcebispo de Aparecida, Dom Orlando Brandes, que disse mais cedo, durante a\nhomilia na Bas\u00edlica de Aparecida, na missa em homenagem ao dia da padroeira,\nque, em dado momento, atacou o \u201cdrag\u00e3o do tradicionalismo\u201d e que a direita \u00e9\n\u201cviolenta e injusta\u201d. O arcebispo tamb\u00e9m&nbsp;<a href=\"https:\/\/www.huffpostbrasil.com\/entry\/arcebispo-aparecida-direita-violenta-injusta_br_5da21856e4b06ddfc51acf75?utm_hp_ref=br-noticias\" target=\"_blank\" rel=\"noreferrer noopener\">defendeu o S\u00ednodo da Amaz\u00f4nia<\/a>.&nbsp;<\/p>\n\n\n\n<p>\u201cQuero\nmandar um recado para um arcebispo que acabou de dizer que o Brasil tenha\ncuidado com o drag\u00e3o do conservadorismo. Eles est\u00e3o assustados, porque n\u00f3s\nsomos terrivelmente crist\u00e3os. E essa lideran\u00e7a disse ainda que a direita \u00e9\nviolenta. Somos violentos porque queremos na\u00e7\u00e3o de paz?\u201d, disse Damares sob\naplausos.&nbsp;<\/p>\n\n\n\n<p>Logo no\nin\u00edcio a ministra deu o tom de seu discurso, que seria de diretas e indiretas \u00e0\nesquerda: \u201cQuero come\u00e7ar dizendo que aqui, no meio de um p\u00fablico de maioria\njovem, nenhum menino me ofereceu cigarro de maconha e nenhuma meninas ainda\nintroduziu crucifixo na vagina.\u201d<\/p>\n\n\n\n<p>Segundo a ministra, os ataques\nque o governo sofre decorrem de uma esquerda \u201cassustada\u201d. \u201cEles est\u00e3o malucos.\nEstudiosos do mundo inteiro est\u00e3o batendo cabe\u00e7a. Eles n\u00e3o est\u00e3o entendendo.\nAcharam que no segundo dia de governo estar\u00edamos na rua batendo em negros,\ngays. Mas o presidente machista, s\u00f3 neste ano, j\u00e1 sancionou seis leis de\nprote\u00e7\u00e3o \u00e0 mulher. Chora esquerda\u201d, completou.<\/p>\n\n\n\n<p>Seguindo o que j\u00e1 havia dito na noite de sexta (11) o deputado\nEduardo Bolsonaro, que importou o CPAC dos EUA para o Brasil, Damares Alves\nmencionou a organiza\u00e7\u00e3o da esquerda em contraposi\u00e7\u00e3o com a falta de estrutura\nda direita.&nbsp;<\/p>\n\n\n\n<p>\u201cN\u00f3s n\u00e3o podemos subestim\u00e1-los. Eles infelizmente est\u00e3o ativos,\norganizados e querem nos usurpar novamente. Temos que nos organizar de uma\nforma mais profissional e madura\u201d, disse a chefe do Minist\u00e9rio da Mulher,\napresentando no Power Point, como exemplos, projetos de lei que tramitaram no\nCongresso sobre aborto, fam\u00edlia e o que a direita chama de ideologia de g\u00eanero.&nbsp;<\/p>\n\n\n\n<p>Ao tratar de descriminaliza\u00e7\u00e3o das drogas, ironizou o deputado\nfederal Jean Wyllys, que se licenciou do cargo ap\u00f3s sofrer seguidas amea\u00e7as de\nmorte e deixou o Pa\u00eds. \u201cEu n\u00e3o vou mencionar o nome desse deputado, porque ele\nn\u00e3o gosta de mim. Um projeto eleitoreiro, apresentado em 2014. Ele queria\nliberar a maconha e retroativamente da lei, para liberar traficantes. Ele ficou\nt\u00e3o triste que foi embora do Brasil\u201d, afirmou e foi ovacionada. Ao que\nenfatizou: \u201cEu n\u00e3o falei o nome dele.\u201d<\/p>\n\n\n\n<p>Encerrou contando uma hist\u00f3ria pessoal: \u201cEu virei a ministra do p\u00e9 de goiaba, tentaram me desqualificar. Agora foram atr\u00e1s da minha filha. S\u00e3o amea\u00e7as de morte. Pode bater. Quanto mais bate, mais esse governo cresce.\u201d<\/p>\n\n\n\n<p>Fonte: huffpostbrasil.com<\/p>\n","protected":false},"excerpt":{"rendered":"<p>A ministra da Mulher, da Fam\u00edlia e dos Direitos Humanos,&nbsp;Damares Alves, foi categ\u00f3rica, neste s\u00e1bado (12), sobre um projeto de reelei\u00e7\u00e3o. \u201dAs pessoas me perguntam: mas j\u00e1 est\u00e1 falando em reelei\u00e7\u00e3o? Sim, eu j\u00e1 estou falando. Vamos precisar de pelo menos 12 anos para mudar o Brasil. Se o presidente&nbsp;Jair Bolsonaro&nbsp;n\u00e3o quiser se reeleger, Deus [&hellip;]<\/p>\n","protected":false},"author":2,"featured_media":4188,"comment_status":"open","ping_status":"open","sticky":false,"template":"","format":"standard","meta":[],"categories":[6,4],"tags":[],"_links":{"self":[{"href":"https:\/\/dgospel.com.br\/portal\/index.php\/wp-json\/wp\/v2\/posts\/4187"}],"collection":[{"href":"https:\/\/dgospel.com.br\/portal\/index.php\/wp-json\/wp\/v2\/posts"}],"about":[{"href":"https:\/\/dgospel.com.br\/portal\/index.php\/wp-json\/wp\/v2\/types\/post"}],"author":[{"embeddable":true,"href":"https:\/\/dgospel.com.br\/portal\/index.php\/wp-json\/wp\/v2\/users\/2"}],"replies":[{"embeddable":true,"href":"https:\/\/dgospel.com.br\/portal\/index.php\/wp-json\/wp\/v2\/comments?post=4187"}],"version-history":[{"count":2,"href":"https:\/\/dgospel.com.br\/portal\/index.php\/wp-json\/wp\/v2\/posts\/4187\/revisions"}],"predecessor-version":[{"id":4190,"href":"https:\/\/dgospel.com.br\/portal\/index.php\/wp-json\/wp\/v2\/posts\/4187\/revisions\/4190"}],"wp:featuredmedia":[{"embeddable":true,"href":"https:\/\/dgospel.com.br\/portal\/index.php\/wp-json\/wp\/v2\/media\/4188"}],"wp:attachment":[{"href":"https:\/\/dgospel.com.br\/portal\/index.php\/wp-json\/wp\/v2\/media?parent=4187"}],"wp:term":[{"taxonomy":"category","embeddable":true,"href":"https:\/\/dgospel.com.br\/portal\/index.php\/wp-json\/wp\/v2\/categories?post=4187"},{"taxonomy":"post_tag","embeddable":true,"href":"https:\/\/dgospel.com.br\/portal\/index.php\/wp-json\/wp\/v2\/tags?post=4187"}],"curies":[{"name":"wp","href":"https:\/\/api.w.org\/{rel}","templated":true}]}}