{"id":419,"date":"2018-05-30T17:07:53","date_gmt":"2018-05-30T20:07:53","guid":{"rendered":"http:\/\/dgospel.com.br\/portal\/?p=419"},"modified":"2018-05-30T17:07:53","modified_gmt":"2018-05-30T20:07:53","slug":"coligacao-de-vicentinho-vai-recorrer-ao-stf-contra-liberacao-da-candidatura-de-amastha-ao-governo-do-estado","status":"publish","type":"post","link":"https:\/\/dgospel.com.br\/portal\/index.php\/2018\/05\/30\/coligacao-de-vicentinho-vai-recorrer-ao-stf-contra-liberacao-da-candidatura-de-amastha-ao-governo-do-estado\/","title":{"rendered":"Coliga\u00e7\u00e3o de Vicentinho vai recorrer ao STF contra libera\u00e7\u00e3o da candidatura de Amastha ao governo do Estado"},"content":{"rendered":"<p>O acord\u00e3o do Tribunal Superior Eleitoral (TSE) que garantiu registro a todos os candidatos que estavam\u00a0<em>sub judice<\/em>pode colocar o Tocantins em um per\u00edodo mais longo de inseguran\u00e7a jur\u00eddica. A coliga\u00e7\u00e3o \u201cA Vez dos Tocantinenses\u201d, de\u00a0<strong><u>Vicentinho Alves<\/u><\/strong>\u00a0(PR), afirmou ao blog na manh\u00e3 desta quarta-feira, 30, que recorrer contra a decis\u00e3o que permitiu a candidatura do ex-prefeito de Palmas\u00a0<strong><u>Carlos Amastha<\/u><\/strong>\u00a0(PSB), da coliga\u00e7\u00e3o \u201cA Verdadeira Mudan\u00e7a\u201d.<\/p>\n<p>Com isso, mesmo depois da proclama\u00e7\u00e3o do resultado da elei\u00e7\u00e3o de domingo, 3, a disputa judicial poder\u00e1 continuar\u00a0<em>sub judice<\/em>, caso Amastha v\u00e1 para o segundo turno.<\/p>\n<p>Conforme a coliga\u00e7\u00e3o de Vicentinho, ser\u00e1 protocolado um recurso extraordin\u00e1rio no Supremo Tribunal Federal (STF). O grupo do republicano considera a aprova\u00e7\u00e3o do registro de candidatura de Amastha \u201cuma afronta clara\u201d ao artigo 14, par\u00e1grafo 6\u00ba, da Constitui\u00e7\u00e3o Federal, que prev\u00ea desincompatibiliza\u00e7\u00e3o de seis meses antes da elei\u00e7\u00e3o. O ex-prefeito renunciou apenas no dia 3 de abril. Mas, antes, a coliga\u00e7\u00e3o entrar\u00e1 com o embargo de declara\u00e7\u00e3o no pr\u00f3prio TSE para tentar reverter a decis\u00e3o favor\u00e1vel a Amastha.<\/p>\n<p>O relator dos casos do Tocantins, no TSE, ministro\u00a0Tarcisio\u00a0Vieira de Carvalho Neto,\u00a0defendeu nessa ter\u00e7a-feira, 29, que, embora a elei\u00e7\u00e3o suplementar esteja prevista no ordenamento jur\u00eddico brasileiro, trata-se de evento de car\u00e1ter excepcional e imprevis\u00edvel e, por isso, as regras devem ser mais flex\u00edveis.<\/p>\n<p><strong>O que diz o artigo 14, par\u00e1grafo 6\u00ba, da Constitui\u00e7\u00e3o<\/strong><\/p>\n<p>\u201c<strong>Art. 14.<\/strong>\u00a0A soberania popular ser\u00e1 exercida pelo sufr\u00e1gio universal e pelo voto direto e secreto, com valor igual para todos, e, nos termos da lei, mediante:<\/p>\n<ul>\n<li><strong> 6\u00ba<\/strong>Para concorrerem a outros cargos, o Presidente da Rep\u00fablica, os Governadores de Estado e do Distrito Federal e os Prefeitos devem renunciar aos respectivos mandatos at\u00e9 seis meses antes do pleito\u201d.<\/li>\n<\/ul>\n<p>Fonte:\u00a0clebertoledo<\/p>\n","protected":false},"excerpt":{"rendered":"<p>O acord\u00e3o do Tribunal Superior Eleitoral (TSE) que garantiu registro a todos os candidatos que estavam\u00a0sub judicepode colocar o Tocantins em um per\u00edodo mais longo de inseguran\u00e7a jur\u00eddica. A coliga\u00e7\u00e3o \u201cA Vez dos Tocantinenses\u201d, de\u00a0Vicentinho Alves\u00a0(PR), afirmou ao blog na manh\u00e3 desta quarta-feira, 30, que recorrer contra a decis\u00e3o que permitiu a candidatura do ex-prefeito [&hellip;]<\/p>\n","protected":false},"author":2,"featured_media":170,"comment_status":"open","ping_status":"open","sticky":false,"template":"","format":"standard","meta":[],"categories":[2,4],"tags":[],"_links":{"self":[{"href":"https:\/\/dgospel.com.br\/portal\/index.php\/wp-json\/wp\/v2\/posts\/419"}],"collection":[{"href":"https:\/\/dgospel.com.br\/portal\/index.php\/wp-json\/wp\/v2\/posts"}],"about":[{"href":"https:\/\/dgospel.com.br\/portal\/index.php\/wp-json\/wp\/v2\/types\/post"}],"author":[{"embeddable":true,"href":"https:\/\/dgospel.com.br\/portal\/index.php\/wp-json\/wp\/v2\/users\/2"}],"replies":[{"embeddable":true,"href":"https:\/\/dgospel.com.br\/portal\/index.php\/wp-json\/wp\/v2\/comments?post=419"}],"version-history":[{"count":1,"href":"https:\/\/dgospel.com.br\/portal\/index.php\/wp-json\/wp\/v2\/posts\/419\/revisions"}],"predecessor-version":[{"id":420,"href":"https:\/\/dgospel.com.br\/portal\/index.php\/wp-json\/wp\/v2\/posts\/419\/revisions\/420"}],"wp:featuredmedia":[{"embeddable":true,"href":"https:\/\/dgospel.com.br\/portal\/index.php\/wp-json\/wp\/v2\/media\/170"}],"wp:attachment":[{"href":"https:\/\/dgospel.com.br\/portal\/index.php\/wp-json\/wp\/v2\/media?parent=419"}],"wp:term":[{"taxonomy":"category","embeddable":true,"href":"https:\/\/dgospel.com.br\/portal\/index.php\/wp-json\/wp\/v2\/categories?post=419"},{"taxonomy":"post_tag","embeddable":true,"href":"https:\/\/dgospel.com.br\/portal\/index.php\/wp-json\/wp\/v2\/tags?post=419"}],"curies":[{"name":"wp","href":"https:\/\/api.w.org\/{rel}","templated":true}]}}