{"id":4198,"date":"2019-10-16T17:06:19","date_gmt":"2019-10-16T20:06:19","guid":{"rendered":"http:\/\/dgospel.com.br\/portal\/?p=4198"},"modified":"2019-10-16T17:06:20","modified_gmt":"2019-10-16T20:06:20","slug":"em-reuniao-com-deputados-governador-carlesse-reafirma-austeridade-da-gestao-e-abertura-para-o-dialogo","status":"publish","type":"post","link":"https:\/\/dgospel.com.br\/portal\/index.php\/2019\/10\/16\/em-reuniao-com-deputados-governador-carlesse-reafirma-austeridade-da-gestao-e-abertura-para-o-dialogo\/","title":{"rendered":"Em reuni\u00e3o com deputados, governador Carlesse reafirma austeridade da gest\u00e3o e abertura para o di\u00e1logo"},"content":{"rendered":"\n<p>O governador do Estado do Tocantins, Mauro Carlesse, compareceu \u00e0 Assembleia Legislativa na manh\u00e3 desta quarta-feira, 16, a convite do presidente da Casa, deputado Antonio Andrade. Na ocasi\u00e3o, o governador Mauro Carlesse recebeu das m\u00e3os do Presidente a solicita\u00e7\u00e3o para que a Assembleia Legislativa assuma a gest\u00e3o da \u00e1rea onde se encontra o antigo pr\u00e9dio da Casa de Leis, para que o mesmo seja restaurado e transformado em museu.<\/p>\n\n\n\n<p>\u201cRecebi o convite de retornar \u00e0 Casa onde comecei na pol\u00edtica e fico feliz em reencontrar os amigos. \u00c9 importante esse contato para mostrar que estamos abertos ao di\u00e1logo sempre, pois \u00e9 importante esse debate visando melhorar as propostas que chegam nessa Casa. Estou aqui tamb\u00e9m para agradecer aos deputados pelo trabalho que eles tem feito e pelo apoio que tem dado ao Estado, como por exemplo na destina\u00e7\u00e3o de emendas que possibilitaram essa nova etapa do Opera Tocantins. S\u00e3o companheiros que merecem o nosso agradecimento e respeito\u201d, afirmou&nbsp;o Governador.<\/p>\n\n\n\n<p>Ainda na reuni\u00e3o, o governador Mauro Carlesse reafirmou sua determina\u00e7\u00e3o em manter o Tocantins enquadrado na Lei de Responsabilidade Fiscal (LRF) e que manter\u00e1 a pol\u00edtica de austeridade implantada em seu Governo. \u201cO enquadramento do Estado na LRF est\u00e1 abrindo uma s\u00e9rie de oportunidades para o Tocantins e a gente sabe que para chegar aqui foi preciso muito esfor\u00e7o. Nesse momento n\u00e3o temos advers\u00e1rios pol\u00edticos, nossos advers\u00e1rios s\u00e3o os problemas da sa\u00fade, da seguran\u00e7a, da infraestrutura, enfim, nossos advers\u00e1rios s\u00e3o os problemas do povo e \u00e9 isso que precisamos combater e vamos vencer trabalhando juntos\u201d, destacou.<\/p>\n\n\n\n<p>Tamb\u00e9m participaram da reuni\u00e3o, os deputados estaduais Am\u00e1lia Santana, Am\u00e9lio Cayres, Claudia L\u00e9llis, Cleiton Cardoso, Gleydon Nato, Jorge Frederico, Issan Saado, Luana Ribeiro, Olyntho Neto, Ivan Vaqueiro, Ricardo Ayres, Jair Farias, Delegado R\u00e9risson, Vanda Monteiro, Valdemar Junior, Valderez Castelo Branco e Z\u00e9 Roberto.&nbsp;<\/p>\n","protected":false},"excerpt":{"rendered":"<p>O governador do Estado do Tocantins, Mauro Carlesse, compareceu \u00e0 Assembleia Legislativa na manh\u00e3 desta quarta-feira, 16, a convite do presidente da Casa, deputado Antonio Andrade. Na ocasi\u00e3o, o governador Mauro Carlesse recebeu das m\u00e3os do Presidente a solicita\u00e7\u00e3o para que a Assembleia Legislativa assuma a gest\u00e3o da \u00e1rea onde se encontra o antigo pr\u00e9dio [&hellip;]<\/p>\n","protected":false},"author":2,"featured_media":4199,"comment_status":"open","ping_status":"open","sticky":false,"template":"","format":"standard","meta":[],"categories":[4],"tags":[],"_links":{"self":[{"href":"https:\/\/dgospel.com.br\/portal\/index.php\/wp-json\/wp\/v2\/posts\/4198"}],"collection":[{"href":"https:\/\/dgospel.com.br\/portal\/index.php\/wp-json\/wp\/v2\/posts"}],"about":[{"href":"https:\/\/dgospel.com.br\/portal\/index.php\/wp-json\/wp\/v2\/types\/post"}],"author":[{"embeddable":true,"href":"https:\/\/dgospel.com.br\/portal\/index.php\/wp-json\/wp\/v2\/users\/2"}],"replies":[{"embeddable":true,"href":"https:\/\/dgospel.com.br\/portal\/index.php\/wp-json\/wp\/v2\/comments?post=4198"}],"version-history":[{"count":1,"href":"https:\/\/dgospel.com.br\/portal\/index.php\/wp-json\/wp\/v2\/posts\/4198\/revisions"}],"predecessor-version":[{"id":4200,"href":"https:\/\/dgospel.com.br\/portal\/index.php\/wp-json\/wp\/v2\/posts\/4198\/revisions\/4200"}],"wp:featuredmedia":[{"embeddable":true,"href":"https:\/\/dgospel.com.br\/portal\/index.php\/wp-json\/wp\/v2\/media\/4199"}],"wp:attachment":[{"href":"https:\/\/dgospel.com.br\/portal\/index.php\/wp-json\/wp\/v2\/media?parent=4198"}],"wp:term":[{"taxonomy":"category","embeddable":true,"href":"https:\/\/dgospel.com.br\/portal\/index.php\/wp-json\/wp\/v2\/categories?post=4198"},{"taxonomy":"post_tag","embeddable":true,"href":"https:\/\/dgospel.com.br\/portal\/index.php\/wp-json\/wp\/v2\/tags?post=4198"}],"curies":[{"name":"wp","href":"https:\/\/api.w.org\/{rel}","templated":true}]}}