{"id":4201,"date":"2019-10-16T17:07:57","date_gmt":"2019-10-16T20:07:57","guid":{"rendered":"http:\/\/dgospel.com.br\/portal\/?p=4201"},"modified":"2019-10-16T17:07:58","modified_gmt":"2019-10-16T20:07:58","slug":"governadores-mauro-carlesse-e-mauro-mendes-destacam-aspectos-positivos-da-rodovia-transbananal","status":"publish","type":"post","link":"https:\/\/dgospel.com.br\/portal\/index.php\/2019\/10\/16\/governadores-mauro-carlesse-e-mauro-mendes-destacam-aspectos-positivos-da-rodovia-transbananal\/","title":{"rendered":"Governadores Mauro Carlesse e Mauro Mendes destacam aspectos positivos da rodovia Transbananal"},"content":{"rendered":"\n<p>\u00c0s v\u00e9speras da audi\u00eancia p\u00fablica que ser\u00e1 realizada nesta sexta-feira, 18, em Gurupi, para discutir a implanta\u00e7\u00e3o da rodovia BR-242, mais conhecida como Transbananal, o governador do Estado do Tocantins, Mauro Carlesse, e do Mato grosso, Mauro Mendes, defenderam a obra como log\u00edstica estrat\u00e9gica para a integra\u00e7\u00e3o e desenvolvimento econ\u00f4mico e social da regi\u00e3o.&nbsp; O trecho em quest\u00e3o tem cerca de 90 km e corta a Ilha do Bananal, de Formoso do Araguaia (TO) a S\u00e3o Felix (MT).&nbsp; O ministro da Infraestrutura, Tarc\u00edsio Gomes de Freitas, j\u00e1 confirmou presen\u00e7a no evento.<\/p>\n\n\n\n<p>Para o governador Mauro Carlesse, a rodovia Transbananal precisa ser implantada para promover a integra\u00e7\u00e3o econ\u00f4mica e social entre os dois estados e \u00e0 Ferrovia Norte-Sul, o modal que permite o escoamento da produ\u00e7\u00e3o at\u00e9 os postos do Maranh\u00e3o e da Bahia, pela Ferrovia Leste-Oeste. Ele entende tamb\u00e9m que a obra vai gerar renda e promover a qualidade de vida dos povos ind\u00edgenas.&nbsp; \u201cEssa rodovia vai permitir baratear custos de produ\u00e7\u00e3o e proporcionar condi\u00e7\u00f5es dignas de vida aos povos ind\u00edgenas. Atualmente os acessos s\u00e3o muito prec\u00e1rios e prejudicam muito os ind\u00edgenas quando procuram as cidades. Ent\u00e3o, o que precisamos \u00e9 dessa integra\u00e7\u00e3o para promover o desenvolvimento da regi\u00e3o e desses ind\u00edgenas, que n\u00e3o podem continuar \u00e0 margem do progresso\u201d, frisou.<\/p>\n\n\n\n<p>Por sua vez, Mauro Mendes, governador do Mato Grosso, ressaltou que o seu estado tem grande capacidade de produzir alimentos, voca\u00e7\u00e3o para exportar e a rodovia BR-242 vai permitir a liga\u00e7\u00e3o com o Tocantins e \u00e0 Ferrovia Norte-Sul. Para ele, esse trecho que corta a ilha do Bananal pode constituir uma importante alternativa log\u00edstica para toda a regi\u00e3o do Araguaia. \u201cEssa parceria entre os Governos Federal, do Tocantins e do Mato Grosso vai permitir uma solu\u00e7\u00e3o para toda essa regi\u00e3o, incluindo essa parte do Brasil no setor de produ\u00e7\u00e3o, que vai trazer grandes dividendos para todos n\u00f3s. Vamos trabalhar juntos, porque tenho certeza que com a uni\u00e3o de esfor\u00e7os n\u00f3s vamos tornar realidade essa rodovia, t\u00e3o importante para os dois estados e para o Brasil\u201d, defendeu.<\/p>\n\n\n\n<p><strong>Audi\u00eancia<\/strong><\/p>\n\n\n\n<p>O evento, que ser\u00e1 realizado pelo Senado Federal, atende requerimento da senadora K\u00e1tia Abreu. Al\u00e9m do ministro Tarc\u00edsio Gomes de Freitas, est\u00e3o previstas ainda as presen\u00e7as dos presidentes da Funda\u00e7\u00e3o Nacional do \u00cdndio (Funai), Marcelo Augusto Xavier, e do Instituto Brasileiro de Meio Ambiente e dos Recursos Naturais Renov\u00e1veis (Ibama), Eduardo Bim.<\/p>\n\n\n\n<p>\u201cEssa rodovia traz vantagens para todo o Brasil e, em especial para o Tocantins e o Mato Grosso, a partir da integra\u00e7\u00e3o desses dois estados para chegar \u00e0 Ferrovia Norte-Sul e os nossos ind\u00edgenas tamb\u00e9m ser\u00e3o beneficiados, j\u00e1 que ter\u00e3o mais facilidade de acesso \u00e0 sa\u00fade, \u00e0 educa\u00e7\u00e3o e as cidades, al\u00e9m do aspecto financeiro, j\u00e1 que ter\u00e3o renda com os ped\u00e1gios\u201d, explicou a senadora K\u00e1tia Abreu.<\/p>\n","protected":false},"excerpt":{"rendered":"<p>\u00c0s v\u00e9speras da audi\u00eancia p\u00fablica que ser\u00e1 realizada nesta sexta-feira, 18, em Gurupi, para discutir a implanta\u00e7\u00e3o da rodovia BR-242, mais conhecida como Transbananal, o governador do Estado do Tocantins, Mauro Carlesse, e do Mato grosso, Mauro Mendes, defenderam a obra como log\u00edstica estrat\u00e9gica para a integra\u00e7\u00e3o e desenvolvimento econ\u00f4mico e social da regi\u00e3o.&nbsp; O [&hellip;]<\/p>\n","protected":false},"author":2,"featured_media":4202,"comment_status":"open","ping_status":"open","sticky":false,"template":"","format":"standard","meta":[],"categories":[3],"tags":[],"_links":{"self":[{"href":"https:\/\/dgospel.com.br\/portal\/index.php\/wp-json\/wp\/v2\/posts\/4201"}],"collection":[{"href":"https:\/\/dgospel.com.br\/portal\/index.php\/wp-json\/wp\/v2\/posts"}],"about":[{"href":"https:\/\/dgospel.com.br\/portal\/index.php\/wp-json\/wp\/v2\/types\/post"}],"author":[{"embeddable":true,"href":"https:\/\/dgospel.com.br\/portal\/index.php\/wp-json\/wp\/v2\/users\/2"}],"replies":[{"embeddable":true,"href":"https:\/\/dgospel.com.br\/portal\/index.php\/wp-json\/wp\/v2\/comments?post=4201"}],"version-history":[{"count":1,"href":"https:\/\/dgospel.com.br\/portal\/index.php\/wp-json\/wp\/v2\/posts\/4201\/revisions"}],"predecessor-version":[{"id":4203,"href":"https:\/\/dgospel.com.br\/portal\/index.php\/wp-json\/wp\/v2\/posts\/4201\/revisions\/4203"}],"wp:featuredmedia":[{"embeddable":true,"href":"https:\/\/dgospel.com.br\/portal\/index.php\/wp-json\/wp\/v2\/media\/4202"}],"wp:attachment":[{"href":"https:\/\/dgospel.com.br\/portal\/index.php\/wp-json\/wp\/v2\/media?parent=4201"}],"wp:term":[{"taxonomy":"category","embeddable":true,"href":"https:\/\/dgospel.com.br\/portal\/index.php\/wp-json\/wp\/v2\/categories?post=4201"},{"taxonomy":"post_tag","embeddable":true,"href":"https:\/\/dgospel.com.br\/portal\/index.php\/wp-json\/wp\/v2\/tags?post=4201"}],"curies":[{"name":"wp","href":"https:\/\/api.w.org\/{rel}","templated":true}]}}