{"id":4204,"date":"2019-10-17T12:25:32","date_gmt":"2019-10-17T15:25:32","guid":{"rendered":"http:\/\/dgospel.com.br\/portal\/?p=4204"},"modified":"2019-10-17T12:25:39","modified_gmt":"2019-10-17T15:25:39","slug":"sarampo-ministerio-da-saude-libera-r-206-milhoes-para-fortalecer-vacinacao-nos-municipios","status":"publish","type":"post","link":"https:\/\/dgospel.com.br\/portal\/index.php\/2019\/10\/17\/sarampo-ministerio-da-saude-libera-r-206-milhoes-para-fortalecer-vacinacao-nos-municipios\/","title":{"rendered":"SARAMPO: Minist\u00e9rio da Sa\u00fade libera R$ 206 milh\u00f5es para fortalecer vacina\u00e7\u00e3o nos munic\u00edpios"},"content":{"rendered":"\n<p>Mais de R$ 206 milh\u00f5es de reais do Governo Federal est\u00e3o liberados para que estados e munic\u00edpios possam refor\u00e7ar a vacina\u00e7\u00e3o contra o sarampo. Com esse recurso extra, a expectativa \u00e9 melhorar a cobertura vacinal e controlar surtos, interromper a transmiss\u00e3o do sarampo e de outras doen\u00e7as espalhadas pelo Brasil. Para que o munic\u00edpio receber essa verba, \u00e9 preciso cumprir duas metas: Vacinar, pelo menos, 95% das crian\u00e7as de 12 meses de idade com a primeira dose da vacina tr\u00edplice viral, que ajuda a evitar o sarampo, rub\u00e9ola e caxumba; al\u00e9m disso, \u00e9 preciso informar o estoque das vacinas de poliomielite, tr\u00edplice e pentavalente para as Secretarias de Sa\u00fade dos Estados e ao Minist\u00e9rio da Sa\u00fade. De acordo com o secret\u00e1rio de Aten\u00e7\u00e3o Prim\u00e1ria \u00e0 Sa\u00fade do Minist\u00e9rio da Sa\u00fade, Erno Harzheim, com esse dinheiro extra, ser\u00e1 poss\u00edvel superar as dificuldades espec\u00edficas de cada munic\u00edpio para oferecer mais vacinas para a popula\u00e7\u00e3o.&nbsp;<\/p>\n\n\n\n<p>\u201cPodem fazer com que a vacina chegue mais pr\u00f3xima do cidad\u00e3o: estender o hor\u00e1rio de vacina\u00e7\u00e3o; contratar alguns profissionais de forma transit\u00f3ria s\u00f3 para esse per\u00edodo, para conseguir fazer a amplia\u00e7\u00e3o da cobertura; remontar em alguns munic\u00edpios as equipes de bloqueio vacinal, para quando tiver identifica\u00e7\u00e3o de um caso de sarampo conseguir vacinar todas as pessoas que tem contato com esse caso, para impedir a propaga\u00e7\u00e3o do sarampo; refor\u00e7ar sua estrutura local de vacina\u00e7\u00e3o como as c\u00e2maras frias e insumos\u201d.<\/p>\n\n\n\n<p>A Campanha Nacional de Vacina\u00e7\u00e3o contra o Sarampo tem como prioridade as crian\u00e7as de seis meses at\u00e9 menores de cinco anos. Ela come\u00e7ou no dia sete deste m\u00eas e vai at\u00e9 25 de outubro, sendo que neste s\u00e1bado, dia 19, ser\u00e1 realizado o Dia D com milhares postos de vacina\u00e7\u00e3o abertos por todo o pa\u00eds.&nbsp;<\/p>\n","protected":false},"excerpt":{"rendered":"<p>Mais de R$ 206 milh\u00f5es de reais do Governo Federal est\u00e3o liberados para que estados e munic\u00edpios possam refor\u00e7ar a vacina\u00e7\u00e3o contra o sarampo. Com esse recurso extra, a expectativa \u00e9 melhorar a cobertura vacinal e controlar surtos, interromper a transmiss\u00e3o do sarampo e de outras doen\u00e7as espalhadas pelo Brasil. Para que o munic\u00edpio receber [&hellip;]<\/p>\n","protected":false},"author":2,"featured_media":4205,"comment_status":"open","ping_status":"open","sticky":false,"template":"","format":"standard","meta":[],"categories":[6,4],"tags":[],"_links":{"self":[{"href":"https:\/\/dgospel.com.br\/portal\/index.php\/wp-json\/wp\/v2\/posts\/4204"}],"collection":[{"href":"https:\/\/dgospel.com.br\/portal\/index.php\/wp-json\/wp\/v2\/posts"}],"about":[{"href":"https:\/\/dgospel.com.br\/portal\/index.php\/wp-json\/wp\/v2\/types\/post"}],"author":[{"embeddable":true,"href":"https:\/\/dgospel.com.br\/portal\/index.php\/wp-json\/wp\/v2\/users\/2"}],"replies":[{"embeddable":true,"href":"https:\/\/dgospel.com.br\/portal\/index.php\/wp-json\/wp\/v2\/comments?post=4204"}],"version-history":[{"count":1,"href":"https:\/\/dgospel.com.br\/portal\/index.php\/wp-json\/wp\/v2\/posts\/4204\/revisions"}],"predecessor-version":[{"id":4206,"href":"https:\/\/dgospel.com.br\/portal\/index.php\/wp-json\/wp\/v2\/posts\/4204\/revisions\/4206"}],"wp:featuredmedia":[{"embeddable":true,"href":"https:\/\/dgospel.com.br\/portal\/index.php\/wp-json\/wp\/v2\/media\/4205"}],"wp:attachment":[{"href":"https:\/\/dgospel.com.br\/portal\/index.php\/wp-json\/wp\/v2\/media?parent=4204"}],"wp:term":[{"taxonomy":"category","embeddable":true,"href":"https:\/\/dgospel.com.br\/portal\/index.php\/wp-json\/wp\/v2\/categories?post=4204"},{"taxonomy":"post_tag","embeddable":true,"href":"https:\/\/dgospel.com.br\/portal\/index.php\/wp-json\/wp\/v2\/tags?post=4204"}],"curies":[{"name":"wp","href":"https:\/\/api.w.org\/{rel}","templated":true}]}}