{"id":421,"date":"2018-05-30T17:12:42","date_gmt":"2018-05-30T20:12:42","guid":{"rendered":"http:\/\/dgospel.com.br\/portal\/?p=421"},"modified":"2018-05-30T17:12:42","modified_gmt":"2018-05-30T20:12:42","slug":"em-gurupi-eleicao-de-carlesse-e-apontada-como-a-volta-dos-dias-de-gloria-para-a-regiao-sul-yahoo-entrada","status":"publish","type":"post","link":"https:\/\/dgospel.com.br\/portal\/index.php\/2018\/05\/30\/em-gurupi-eleicao-de-carlesse-e-apontada-como-a-volta-dos-dias-de-gloria-para-a-regiao-sul-yahoo-entrada\/","title":{"rendered":"Em Gurupi, elei\u00e7\u00e3o de Carlesse \u00e9 apontada como &#8220;a volta dos dias de gl\u00f3ria&#8221; para a regi\u00e3o sul Yahoo \/ Entrada"},"content":{"rendered":"<p class=\"yiv6712463721MsoNormal\">Gurupi recebe nesta quarta-feira, 31, o governador interino e candidato ao Governo do Estado Mauro Carlesse (PHS). O munic\u00edpio \u00e9 o ber\u00e7o pol\u00edtico do candidato da coliga\u00e7\u00e3o\u00a0<b>Governo de Atitude<\/b>\u00a0e foi a cidade escolhida para fechar com chave de ouro a campanha \u00e0 elei\u00e7\u00e3o suplementar, que acontece no pr\u00f3ximo domingo, 3.<\/p>\n<p class=\"yiv6712463721MsoNormal\">O governador iniciou sua agenda com uma caminhada pela Avenida S15. Em meio \u00e0s manifesta\u00e7\u00f5es de apoio, ouviu do prefeito de Peixe, Z\u00e9 Augusto, seu empenho em eleg\u00ea-lo e o impacto disso para a regi\u00e3o sul do Estado.<\/p>\n<p class=\"yiv6712463721MsoNormal\">&#8220;N\u00f3s temos a oportunidade de mudar uma realidade que existe h\u00e1 muito tempo no nosso Estado. A nossa regi\u00e3o sul e a cidade de Gurupi v\u00eam perdendo e muito em termos de representatividade e, em raz\u00e3o disso, temos perdido tantas ind\u00fastrias, tantos empregos e tanta qualidade de vida para a popula\u00e7\u00e3o. A luta de Mauro Carlesse \u00e9 a luta que representa a volta dos dias de gl\u00f3ria para a regi\u00e3o sul do Estado&#8221;, frisou o prefeito.<\/p>\n<p class=\"yiv6712463721MsoNormal\">Acompanhado da presidente da Assembleia Legislativa, Luana Ribeiro, dos deputados estaduais Eduardo do Dertins e Eli Borges, do ex-vereador Gleidson Nato e dos vereadores Ivanilson Marinho e Ata\u00eddes Leiteiro, Mauro Carlesse destacou seu carinho e respeito por Gurupi, a cidade que o acolheu e que lhe concedeu o mandato de deputado estadual nas elei\u00e7\u00f5es de 2014.<\/p>\n<p class=\"yiv6712463721MsoNormal\">&#8220;Eu tenho andado esse Estado inteiro sabendo que ia terminar com chave de ouro na minha cidade de Gurupi. Eu sei o quanto nosso povo sofrido precisa de emprego, de seguran\u00e7a p\u00fablica, de atendimento nos nossos hospitais, nas escolas&#8221;, frisou.<\/p>\n<p class=\"yiv6712463721MsoNormal\">De Gurupi, Eduardo do Dertins e Gleidson Nato conclamaram a popula\u00e7\u00e3o a eleger Carlesse no pr\u00f3ximo domingo, dia 3.<\/p>\n<p class=\"yiv6712463721MsoNormal\"><strong>Apoio de lideran\u00e7as<\/strong><\/p>\n<p class=\"yiv6712463721MsoNormal\">Da caminhada, Carlesse seguiu para reuni\u00f5es com diversos segmentos da sociedade civil organizada, na C\u00e2mara dos Dirigentes Lojistas (CDL), onde recebeu apoio de lideran\u00e7as religiosas, taxistas e mototaxistas, servidores da \u00e1rea da sa\u00fade e oficiais de Justi\u00e7a; e empres\u00e1rios de diversos ramos, como o supermercados e distribuidoras, do com\u00e9rcio varejista de moda, de empresa do ramo de colch\u00f5es, al\u00e9m de representante da Feira da Amizade.<\/p>\n<p class=\"yiv6712463721MsoNormal\">Em nome do Sindicato dos Mototaxistas de Gurupi, Ribamar Alves de Carvalho (Rosal\u00e2ndia), disse que a decis\u00e3o da categoria por apoiar Carlesse levou em conta o trabalho que ele vem desenvolvendo como governador interino. &#8220;Em menos de 30 dias de trabalho ele j\u00e1 fez o que quem passou quatro anos e n\u00e3o fez&#8221;, considerou.<\/p>\n<p class=\"yiv6712463721MsoNormal\">Dentre as institui\u00e7\u00f5es religiosas do munic\u00edpio, presentes no encontro com Carlesse, estiveram representantes da Assembleia de Deus no Brasil, Assembleia de Deus Minist\u00e9rio Madureira, Assembleia de Deus Minist\u00e9rio de An\u00e1polis, Comunidade Evang\u00e9lica Pison e Igreja Cat\u00f3lica.<\/p>\n<p class=\"yiv6712463721MsoNormal\">Ao declarar seu apoio a Carlesse, a Pastora Maria Nilza Pereira Amorim, da Assembleia de Deus no Brasil, justificou: &#8220;Eu estou cansada do governo que t\u00ednhamos, de correr o tempo todo com membros da igreja para filas do SUS e n\u00e3o ter solu\u00e7\u00e3o, de ver o povo passando necessidade, tendo que a gente estar pedindo em portas de supermercados para poder alimentar o menos favorecidos dentro da igreja. O Mauro Carlesse \u00e9 uma esperan\u00e7a e acredito que ele vai trazer mudan\u00e7as&#8221;.<\/p>\n","protected":false},"excerpt":{"rendered":"<p>Gurupi recebe nesta quarta-feira, 31, o governador interino e candidato ao Governo do Estado Mauro Carlesse (PHS). O munic\u00edpio \u00e9 o ber\u00e7o pol\u00edtico do candidato da coliga\u00e7\u00e3o\u00a0Governo de Atitude\u00a0e foi a cidade escolhida para fechar com chave de ouro a campanha \u00e0 elei\u00e7\u00e3o suplementar, que acontece no pr\u00f3ximo domingo, 3. O governador iniciou sua agenda [&hellip;]<\/p>\n","protected":false},"author":2,"featured_media":422,"comment_status":"open","ping_status":"open","sticky":false,"template":"","format":"standard","meta":[],"categories":[2,4],"tags":[],"_links":{"self":[{"href":"https:\/\/dgospel.com.br\/portal\/index.php\/wp-json\/wp\/v2\/posts\/421"}],"collection":[{"href":"https:\/\/dgospel.com.br\/portal\/index.php\/wp-json\/wp\/v2\/posts"}],"about":[{"href":"https:\/\/dgospel.com.br\/portal\/index.php\/wp-json\/wp\/v2\/types\/post"}],"author":[{"embeddable":true,"href":"https:\/\/dgospel.com.br\/portal\/index.php\/wp-json\/wp\/v2\/users\/2"}],"replies":[{"embeddable":true,"href":"https:\/\/dgospel.com.br\/portal\/index.php\/wp-json\/wp\/v2\/comments?post=421"}],"version-history":[{"count":1,"href":"https:\/\/dgospel.com.br\/portal\/index.php\/wp-json\/wp\/v2\/posts\/421\/revisions"}],"predecessor-version":[{"id":423,"href":"https:\/\/dgospel.com.br\/portal\/index.php\/wp-json\/wp\/v2\/posts\/421\/revisions\/423"}],"wp:featuredmedia":[{"embeddable":true,"href":"https:\/\/dgospel.com.br\/portal\/index.php\/wp-json\/wp\/v2\/media\/422"}],"wp:attachment":[{"href":"https:\/\/dgospel.com.br\/portal\/index.php\/wp-json\/wp\/v2\/media?parent=421"}],"wp:term":[{"taxonomy":"category","embeddable":true,"href":"https:\/\/dgospel.com.br\/portal\/index.php\/wp-json\/wp\/v2\/categories?post=421"},{"taxonomy":"post_tag","embeddable":true,"href":"https:\/\/dgospel.com.br\/portal\/index.php\/wp-json\/wp\/v2\/tags?post=421"}],"curies":[{"name":"wp","href":"https:\/\/api.w.org\/{rel}","templated":true}]}}