{"id":4218,"date":"2019-10-18T10:54:01","date_gmt":"2019-10-18T13:54:01","guid":{"rendered":"http:\/\/dgospel.com.br\/portal\/?p=4218"},"modified":"2019-10-18T10:54:04","modified_gmt":"2019-10-18T13:54:04","slug":"damares-alves-diz-que-cristianismo-e-religiao-mais-perseguida-do-brasil","status":"publish","type":"post","link":"https:\/\/dgospel.com.br\/portal\/index.php\/2019\/10\/18\/damares-alves-diz-que-cristianismo-e-religiao-mais-perseguida-do-brasil\/","title":{"rendered":"Damares Alves diz que cristianismo \u00e9 religi\u00e3o mais perseguida do Brasil"},"content":{"rendered":"\n<p>Em uma breve entrevista ao comentarista&nbsp;<strong><a href=\"https:\/\/guiame.com.br\/gospel\/videos\/ideologia-de-genero-nao-se-importa-de-usar-criancas-como-cobaias-diz-caio-coppolla.html\">Caio Coppolla<\/a><\/strong>, a ministra da Mulher, da Fam\u00edlia e dos Direitos Humanos,&nbsp;<strong><a href=\"https:\/\/guiame.com.br\/gospel\/noticias\/damares-alves-denuncia-revista-que-mostra-passo-passo-para-aborto.html\">Damares Alves<\/a><\/strong>, disse que o cristianismo \u00e9 a religi\u00e3o mais perseguida do Brasil.<\/p>\n\n\n\n<p>O contexto da conversa foi sobre a realidade da intoler\u00e2ncia religiosa no pa\u00eds e o preconceito contra o p\u00fablico&nbsp;<strong><a href=\"https:\/\/guiame.com.br\/gospel\/mundo-cristao\/crise-na-argentina-acelera-crescimento-evangelico.html\">evang\u00e9lico<\/a><\/strong>.<\/p>\n\n\n\n<p>Coppolla lembrou o termo \u201cCristofobia\u201d, trazendo os coment\u00e1rios feitos pelo ex-<strong><a href=\"https:\/\/guiame.com.br\/gospel\/noticias\/hillary-clinton-e-barack-obama-se-recusam-reconhecer-perseguicao-aos-cristaos.html\">presidente americano Barack Obama e pela ex-senadora Hillary Clinton<\/a><\/strong>&nbsp;que se referiram aos crist\u00e3os massacrados no Sri Lanka como \u201cadoradores da P\u00e1scoa\u201d.<\/p>\n\n\n\n<p>O comentarista disse que aqui no Brasil \u201ca gente v\u00ea esse preconceito de forma mais velada, especialmente em rela\u00e7\u00e3o ao p\u00fablico evang\u00e9lico\u201d.<\/p>\n\n\n\n<p>A pergunta feita por Coppolla \u00e0 ministra foi direta: \u201cComo lidar com esse preconceito religioso que fere nossos direitos humanos sendo um bom crist\u00e3o? Ou seja, com perd\u00e3o, dando a outra face, sem perder a compostura, mas tamb\u00e9m sem ficar resignado.\u201d<\/p>\n\n\n\n<p>Damares respondeu dizendo que \u201cprimeiro a gente precisa admitir que isso existe de verdade, e que no Brasil a intoler\u00e2ncia religiosa e o preconceito com rela\u00e7\u00e3o \u00e1 religi\u00e3o \u00e9 uma realidade\u201d.<\/p>\n\n\n\n<p>A ministra declarou que existem forma de rea\u00e7\u00e3o a isso. \u201cSabendo que existe [o preconceito], lutar contra o preconceito e contra todos os ataques por conta de nossa f\u00e9; como bons crist\u00e3os n\u00f3s sabemos que ser\u00edamos perseguidos, humilhados, que n\u00f3s ser\u00edamos envergonhados. Isso faz parte da nossa f\u00e9. Podemos reagir, mas com mansid\u00e3o, com sabedoria\u201d.<\/p>\n\n\n\n<p>Damares fez um pedido aos jovens crist\u00e3os: \u201cLeiam. N\u00f3s temos leis e n\u00f3s temos direitos. Vamos trabalhar usando a legalidade, usando a lei a nosso favor. \u00c9 dessa forma que eu reajo, Sempre que poss\u00edvel eu aciono a lei, porque nesta na\u00e7\u00e3o n\u00f3s temos a liberdade de culto e a liberdade de f\u00e9\u201d.<\/p>\n\n\n\n<p>Coppola lembrou que esse direito une v\u00e1rias outras liberdades: \u201cLiberdade de associa\u00e7\u00e3o, liberdade de cren\u00e7a, liberdade de pensamento, liberdade de express\u00e3o\u201d. Ele lembrou ainda que a \u201cliberdade religiosa \u00e9 um princ\u00edpio basilar e que a religi\u00e3o do pr\u00f3ximo deve ser respeitada, seja ela qual for.\u201d<\/p>\n\n\n\n<p>Coppolla se despediu na postagem do v\u00eddeo com a frase: \u201cFiquem com Deus &#8211; ou sem Deus, mas sempre respeitando a liberdade de cren\u00e7a do pr\u00f3ximo.\u201d<\/p>\n\n\n\n<p>\n\nFONTE: GUIAME\n\n<\/p>\n","protected":false},"excerpt":{"rendered":"<p>Em uma breve entrevista ao comentarista&nbsp;Caio Coppolla, a ministra da Mulher, da Fam\u00edlia e dos Direitos Humanos,&nbsp;Damares Alves, disse que o cristianismo \u00e9 a religi\u00e3o mais perseguida do Brasil. O contexto da conversa foi sobre a realidade da intoler\u00e2ncia religiosa no pa\u00eds e o preconceito contra o p\u00fablico&nbsp;evang\u00e9lico. Coppolla lembrou o termo \u201cCristofobia\u201d, trazendo os [&hellip;]<\/p>\n","protected":false},"author":2,"featured_media":4220,"comment_status":"open","ping_status":"open","sticky":false,"template":"","format":"standard","meta":[],"categories":[5,6],"tags":[],"_links":{"self":[{"href":"https:\/\/dgospel.com.br\/portal\/index.php\/wp-json\/wp\/v2\/posts\/4218"}],"collection":[{"href":"https:\/\/dgospel.com.br\/portal\/index.php\/wp-json\/wp\/v2\/posts"}],"about":[{"href":"https:\/\/dgospel.com.br\/portal\/index.php\/wp-json\/wp\/v2\/types\/post"}],"author":[{"embeddable":true,"href":"https:\/\/dgospel.com.br\/portal\/index.php\/wp-json\/wp\/v2\/users\/2"}],"replies":[{"embeddable":true,"href":"https:\/\/dgospel.com.br\/portal\/index.php\/wp-json\/wp\/v2\/comments?post=4218"}],"version-history":[{"count":1,"href":"https:\/\/dgospel.com.br\/portal\/index.php\/wp-json\/wp\/v2\/posts\/4218\/revisions"}],"predecessor-version":[{"id":4221,"href":"https:\/\/dgospel.com.br\/portal\/index.php\/wp-json\/wp\/v2\/posts\/4218\/revisions\/4221"}],"wp:featuredmedia":[{"embeddable":true,"href":"https:\/\/dgospel.com.br\/portal\/index.php\/wp-json\/wp\/v2\/media\/4220"}],"wp:attachment":[{"href":"https:\/\/dgospel.com.br\/portal\/index.php\/wp-json\/wp\/v2\/media?parent=4218"}],"wp:term":[{"taxonomy":"category","embeddable":true,"href":"https:\/\/dgospel.com.br\/portal\/index.php\/wp-json\/wp\/v2\/categories?post=4218"},{"taxonomy":"post_tag","embeddable":true,"href":"https:\/\/dgospel.com.br\/portal\/index.php\/wp-json\/wp\/v2\/tags?post=4218"}],"curies":[{"name":"wp","href":"https:\/\/api.w.org\/{rel}","templated":true}]}}