{"id":4228,"date":"2019-10-22T15:43:00","date_gmt":"2019-10-22T17:43:00","guid":{"rendered":"http:\/\/dgospel.com.br\/portal\/?p=4228"},"modified":"2019-10-22T15:43:02","modified_gmt":"2019-10-22T17:43:02","slug":"somente-neste-ano-seis-pessoas-no-tocantins-morreram-apos-descarga-eletrica","status":"publish","type":"post","link":"https:\/\/dgospel.com.br\/portal\/index.php\/2019\/10\/22\/somente-neste-ano-seis-pessoas-no-tocantins-morreram-apos-descarga-eletrica\/","title":{"rendered":"Somente neste ano, seis pessoas no Tocantins morreram ap\u00f3s descarga el\u00e9trica"},"content":{"rendered":"\n<p>\n\nSomente neste ano, segundo o Corpo de Bombeiros, seis pessoas morreram em consequ\u00eancia de choques el\u00e9tricos no Tocantins. J\u00e1 em 2018, em todo Pa\u00eds foram registrados 1.424 acidentes com origem el\u00e9trica, sendo 836 choques, 537 inc\u00eandios por sobrecarga ou curto-circuito e 51 descargas atmosf\u00e9ricas (raios). Isso representou um aumento de 2,67% em compara\u00e7\u00e3o ao ano anterior e de 37,2% em rela\u00e7\u00e3o a 2013.<\/p>\n\n\n\n<p>Os n\u00fameros somam os casos fatais e n\u00e3o fatais. O dado consta do Anu\u00e1rio Estat\u00edstico de Acidentes de Origem El\u00e9trica e foi pela Associa\u00e7\u00e3o Brasileira de Conscientiza\u00e7\u00e3o dos Perigos de Eletricidade (Abracopel).<\/p>\n\n\n\n<p>No Tocantins, no \u00faltimo dia 30 de setembro, uma mulher de 62 anos morreu ap\u00f3s supostamente receber uma descarga el\u00e9trica enquanto fazia uma liga\u00e7\u00e3o no celular, em Palmas. O caso ocorreu na regi\u00e3o sul de Palmas durante uma forte chuva registrada na cidade.<\/p>\n\n\n\n<p>Conforme a Per\u00edcia, o aparelho da mulher estava carregando na tomada quando o acidente aconteceu. A v\u00edtima, identificada como Ildete Luis da Silva, foi socorrida pela fam\u00edlia e levada para o Pronto Atendimento Sul (UPA), mas n\u00e3o resistiu e faleceu.<\/p>\n\n\n\n<p>O Brasil \u00e9 o campe\u00e3o mundial na incid\u00eancia de raios, com 50 milh\u00f5es de casos por ano, de acordo com o Instituto Nacional de Pesquisas Espaciais (Inpe).\u2028Os raios s\u00e3o produzidos dentro das nuvens, quando part\u00edculas de gelo que est\u00e3o eletricamente carregadas se tocam. A fric\u00e7\u00e3o entre essas cargas produz uma fa\u00edsca, que quando atingem uma grande quantidade, elas se aproximam do solo, procurando os pontos mais pr\u00f3ximos a ela e formando os raios.<\/p>\n\n\n\n<p>O Estado, nesta \u00e9poca do ano \u00e9 caracterizado pelas ventanias e a grande incid\u00eancia de raios e trov\u00f5es, al\u00e9m dos acidentes de tr\u00e2nsito provocados pelas pistas molhadas, das quedas de \u00e1rvores e outros objetos que aumentam o risco de acidentes com a rede el\u00e9trica.<\/p>\n\n\n\n<p><strong>Cuidados<\/strong><br>Por este motivo, neste per\u00edodo, o Sindicato dos Peritos Oficiais do Estado do Tocantins (SINDIPERITO) orienta que as pessoas se afastem de \u00e1rvores e postes de energia durante a chuva. \u201cOs ve\u00edculos s\u00e3o abrigos adequados, j\u00e1 que os pneus de borracha proporcionam um bom n\u00edvel de isolamento em caso de raios que atinjam o solo. Outra dica importante \u00e9 evitar contato com cercas de arame ou outros tipos de metais e varais met\u00e1licos\u201d, alerta o vice-presidente da entidade, Silvio Jaca.<\/p>\n\n\n\n<p>Silvio tamb\u00e9m menciona que muitos acidentes relacionados a choques el\u00e9tricos se devem ao fato das instala\u00e7\u00f5es el\u00e9tricas de muitas resid\u00eancias serem feitas sem projeto ou sem observ\u00e2ncia das normas espec\u00edficas ou por um profissional n\u00e3o especializado na \u00e1rea. Outras causas atribu\u00eddas s\u00e3o as gambiarras el\u00e9tricas, a falta de manuten\u00e7\u00e3o e o uso de uma mesma tomada para conex\u00e3o de diversos equipamentos ao mesmo tempo. \u201cNa zona rural, outros problemas tamb\u00e9m s\u00e3o manuseios de m\u00e1quinas agr\u00edcolas pr\u00f3ximas a linhas de distribui\u00e7\u00e3o e as constru\u00e7\u00f5es fora das dist\u00e2ncias m\u00ednimas exigidas por onde passam essas linhas de distribui\u00e7\u00e3o\u201d, completa.<\/p>\n\n\n\n<p>Por \u00faltimo, o vice-presidente ressalta que \u00e9 importante que as pessoas tenham consci\u00eancia que no momento de uma tempestade ou at\u00e9 mesmo s\u00f3 a incid\u00eancia de raios, que elas n\u00e3o utilizem aparelhos telef\u00f4nicos com linha fixa ou aparelhos celulares ligados ao carregador na tomada. \u201cAtender telefone ligado a uma rede durante chuva, ou pouco antes, \u00e9 um atrativo para uma descarga el\u00e9trica. Muitos acidentes desta natureza acontecem pelo fato das pessoas desconhecerem os riscos que a eletricidade representa, como, por exemplo, usar o celular enquanto est\u00e1 carregando que \u00e9 arriscado mesmo em dias sem chuva\u201d, refor\u00e7a.<br><strong><br>Primeiros Socorros<\/strong><br>O cardiologista Eliakin Radke destaca que saber o que fazer em caso de choque el\u00e9trico \u00e9 importante para salvar a vida da v\u00edtima. Al\u00e9m de ajudar a evitar consequ\u00eancias como queimaduras graves ou parada card\u00edaca, tamb\u00e9m ajuda a proteger a pessoa que faz o salvamento contra os perigos da energia el\u00e9trica.<\/p>\n\n\n\n<p>At\u00e9 mesmo porque, de acordo com o especialista, o impacto de um choque causa in\u00fameros preju\u00edzos \u00e0 sa\u00fade. \u201cA queda do raio pode causar parada card\u00edaca, convuls\u00f5es, les\u00f5es cerebrais, danos na medula espinhal, amn\u00e9sia, cegueira, estresse p\u00f3s-traum\u00e1tico e risco de morte s\u00fabita\u201d.<\/p>\n\n\n\n<p>Por\u00e9m, o cardiologista explica que caso uma pessoa seja atingida por um raio, n\u00e3o h\u00e1 motivo para ter medo porque a v\u00edtima n\u00e3o ir\u00e1 reter carga el\u00e9trica, sendo seguro toc\u00e1-la, diferente de um choque da rede el\u00e9trica onde n\u00e3o \u00e9 seguro tocar a v\u00edtima antes de ter certeza que foi desligada. Segundo ele, a primeira conduta \u00e9 solicitar ajuda, ligando para servi\u00e7os de emerg\u00eancia imediatamente. Ap\u00f3s os primeiros socorros, o m\u00e9dico orienta mover a pessoa para um local seguro. \u201cA v\u00edtima que recebeu choque el\u00e9trico e pode ter sofrido queimaduras, se estiver inconsciente ou em parada cardio respirat\u00f3ria, deve imediatamente ser realizado medidas de reanima\u00e7\u00e3o at\u00e9 a chegada do servi\u00e7o de atendimento\u201d, alerta.<\/p>\n\n\n\n<p>O m\u00e9dico tamb\u00e9m observa que as chances de salvamento da v\u00edtima eletrocutada diminuem com o tempo e a partir do 4\u00ba minuto de ter recebido o choque el\u00e9trico as possibilidades de sobreviv\u00eancia s\u00e3o inferiores a 50%. \u201cDessa forma, estes primeiros socorros devem ser iniciados o mais r\u00e1pido poss\u00edvel, para evitar que a corrente el\u00e9trica fa\u00e7a muitos danos no organismo e resulte em complica\u00e7\u00f5es graves\u201d, finaliza.\n\n<\/p>\n","protected":false},"excerpt":{"rendered":"<p>Somente neste ano, segundo o Corpo de Bombeiros, seis pessoas morreram em consequ\u00eancia de choques el\u00e9tricos no Tocantins. J\u00e1 em 2018, em todo Pa\u00eds foram registrados 1.424 acidentes com origem el\u00e9trica, sendo 836 choques, 537 inc\u00eandios por sobrecarga ou curto-circuito e 51 descargas atmosf\u00e9ricas (raios). Isso representou um aumento de 2,67% em compara\u00e7\u00e3o ao ano [&hellip;]<\/p>\n","protected":false},"author":2,"featured_media":4229,"comment_status":"open","ping_status":"open","sticky":false,"template":"","format":"standard","meta":[],"categories":[3],"tags":[],"_links":{"self":[{"href":"https:\/\/dgospel.com.br\/portal\/index.php\/wp-json\/wp\/v2\/posts\/4228"}],"collection":[{"href":"https:\/\/dgospel.com.br\/portal\/index.php\/wp-json\/wp\/v2\/posts"}],"about":[{"href":"https:\/\/dgospel.com.br\/portal\/index.php\/wp-json\/wp\/v2\/types\/post"}],"author":[{"embeddable":true,"href":"https:\/\/dgospel.com.br\/portal\/index.php\/wp-json\/wp\/v2\/users\/2"}],"replies":[{"embeddable":true,"href":"https:\/\/dgospel.com.br\/portal\/index.php\/wp-json\/wp\/v2\/comments?post=4228"}],"version-history":[{"count":1,"href":"https:\/\/dgospel.com.br\/portal\/index.php\/wp-json\/wp\/v2\/posts\/4228\/revisions"}],"predecessor-version":[{"id":4230,"href":"https:\/\/dgospel.com.br\/portal\/index.php\/wp-json\/wp\/v2\/posts\/4228\/revisions\/4230"}],"wp:featuredmedia":[{"embeddable":true,"href":"https:\/\/dgospel.com.br\/portal\/index.php\/wp-json\/wp\/v2\/media\/4229"}],"wp:attachment":[{"href":"https:\/\/dgospel.com.br\/portal\/index.php\/wp-json\/wp\/v2\/media?parent=4228"}],"wp:term":[{"taxonomy":"category","embeddable":true,"href":"https:\/\/dgospel.com.br\/portal\/index.php\/wp-json\/wp\/v2\/categories?post=4228"},{"taxonomy":"post_tag","embeddable":true,"href":"https:\/\/dgospel.com.br\/portal\/index.php\/wp-json\/wp\/v2\/tags?post=4228"}],"curies":[{"name":"wp","href":"https:\/\/api.w.org\/{rel}","templated":true}]}}