{"id":4231,"date":"2019-10-22T15:48:17","date_gmt":"2019-10-22T17:48:17","guid":{"rendered":"http:\/\/dgospel.com.br\/portal\/?p=4231"},"modified":"2019-10-22T15:48:19","modified_gmt":"2019-10-22T17:48:19","slug":"governo-do-tocantins-inaugura-central-de-atendimento-a-mulher-24-horas-e-a-sede-da-1a-divisao-especializada-de-repressao-a-narcoticos","status":"publish","type":"post","link":"https:\/\/dgospel.com.br\/portal\/index.php\/2019\/10\/22\/governo-do-tocantins-inaugura-central-de-atendimento-a-mulher-24-horas-e-a-sede-da-1a-divisao-especializada-de-repressao-a-narcoticos\/","title":{"rendered":"Governo do Tocantins inaugura Central de Atendimento \u00e0 Mulher 24 horas e a sede da 1\u00aa Divis\u00e3o Especializada de Repress\u00e3o a Narc\u00f3ticos"},"content":{"rendered":"\n<p>O Governo do Estado do Tocantins, por meio da Secretaria de Estado da Seguran\u00e7a P\u00fablica (SSP), iniciou a semana com duas grandes e importantes inaugura\u00e7\u00f5es em benef\u00edcio da sociedade tocantinense. A primeira, a Central de Atendimento \u00e0 Mulher 24 horas (CAM 24 horas), no Setor Santa F\u00e9, regi\u00e3o sul de Palmas, que&nbsp; j\u00e1 est\u00e1 em funcionamento a partir desta ter\u00e7a-feira, 22, e sua prioridade \u00e9 prestar atendimento especializado e humanizado \u00e0s mulheres v\u00edtimas de viol\u00eancia. A outra unidade inaugurada foi a da 1\u00aa Divis\u00e3o Especializada de Repress\u00e3o a Narc\u00f3ticos (Denarc), que \u00e9 respons\u00e1vel pelo combate ao narcotr\u00e1fico no Estado. Durante as inaugura\u00e7\u00f5es, CAM 24 horas e Denarc receberam kits para realiza\u00e7\u00e3o de oitivas na modalidade audiovisual.<\/p>\n\n\n\n<p><strong>Central de Atendimento \u00e0 Mulher 24 horas<\/strong><\/p>\n\n\n\n<p>Presentes na solenidade de inaugura\u00e7\u00e3o da Central de Atendimento \u00e0 Mulher 24 horas, o vice-governador do Tocantins, Wanderlei Barbosa, o secret\u00e1rio da Seguran\u00e7a P\u00fablica, Cristiano Barbosa Sampaio, a Delegada-Geral da Pol\u00edcia Civil, Raimunda Bezerra de Sousa, representantes do Legislativo Estadual, delegados, agentes, escriv\u00e3os, demais autoridades e a comunidade. O Vice-Governador externou sua satisfa\u00e7\u00e3o em inaugurar a nova CAM 24 horas e ressaltou as pol\u00edticas de combate de preven\u00e7\u00e3o e combate \u00e0 viol\u00eancia contra mulheres no Tocantins. \u201cO Governo do Tocantins \u00e9 sens\u00edvel a essa causa e tem demonstrado interesse em aumentar e aparelhar os ambientes de prote\u00e7\u00e3o para que a mulher se sinta amparada e segura para fazer uma den\u00fancia, porque o local \u00e9 preparado para ela. As pessoas aqui s\u00e3o preparadas e qualificadas para lidar com essa situa\u00e7\u00e3o\u201d, frisou.<\/p>\n\n\n\n<p>Na solenidade o secret\u00e1rio de estado da Seguran\u00e7a P\u00fablica, Cristiano Sampaio, ressaltou o importante momento de vit\u00f3ria para todos, para a Pol\u00edcia, para a sociedade e todos os que se sensibilizam pela causa, como parlamentares e \u00f3rg\u00e3os de defesa. \u201cAs mulheres passam agora a ter permanentemente uma porta aberta, a qualquer hora do dia ou da noite para reclamar quando sofrer alguma agress\u00e3o. \u00c9 nossa obriga\u00e7\u00e3o enquanto Estado atender bem, proteger a todos e principalmente os vulner\u00e1veis. A seguran\u00e7a publica esta preocupada em melhorar em todos os aspectos poss\u00edveis\u201d, ressaltou.<\/p>\n\n\n\n<p>Em seu pronunciamento, a delegada-geral da Pol\u00edcia Civil, Raimunda Bezerra de Sousa, explicou que a escolha da sede da CAM 24 horas se deu em fun\u00e7\u00e3o da maioria das agress\u00f5es e crimes (73%) contra mulheres terem ocorrido na regi\u00e3o sul de Palmas. \u201cEstamos entregando um projeto que foi sonhado por todos e hoje \u00e9 uma realidade, n\u00e3o podemos parar de lutar em defesa da mulher vulner\u00e1vel\u201d, pontuou a Delegada-Geral ao ressaltar que no local as mulheres receber\u00e3o atendimento humanizado e especializado.<\/p>\n\n\n\n<p><strong>Denarc<\/strong><\/p>\n\n\n\n<p>Com uma estrutura moderna e planejada para oferecer melhores condi\u00e7\u00f5es de investiga\u00e7\u00f5es relacionadas ao combate \u00e0 criminalidade no Tocantins, a nova sede da 1\u00aa Divis\u00e3o Especializada de Repress\u00e3o a Narc\u00f3ticos (Denarc) representa o esfor\u00e7o do Governo do Tocantins na preven\u00e7\u00e3o e combate ao tr\u00e1fico de drogas. Elevada ao status de Divis\u00e3o, a nova unidade da Denarc encontra-se no pr\u00e9dio do Governo Estadual e s\u00f3 neste ano efetuou 172 pris\u00f5es e v\u00e1rias opera\u00e7\u00f5es para desarticular o crime organizado. A nova sede, que fica&nbsp;na quadra 106 Norte, al\u00e9m de oferecer melhores condi\u00e7\u00f5es de trabalho aos policiais ir\u00e1 gerar uma economia de mais R$ 40 mil reais anuais ao er\u00e1rio.<\/p>\n\n\n\n<p>Para o vice-governador do Tocantins, Wanderlei Barbosa, o novo pr\u00e9dio representa tamb\u00e9m um ambiente confort\u00e1vel para o trabalho e uma economia para o Estado, uma vez que est\u00e1 instalado em uma sede p\u00fablica.&nbsp; O Vice-Governador destacou tamb\u00e9m a import\u00e2ncia organiza\u00e7\u00e3o das For\u00e7as de Seguran\u00e7a no combate ao crime para que o Estado seja mais tranquilo e assegure prote\u00e7\u00e3o \u00e0 sociedade.<\/p>\n\n\n\n<p>J\u00e1 o secret\u00e1rio Cristiano Sampaio, destacou que as inaugura\u00e7\u00f5es da CAM 24 horas e da Denarc, al\u00e9m da realiza\u00e7\u00e3o da 1\u00aa edi\u00e7\u00e3o do Programa de Qualifica\u00e7\u00e3o de Gestores, realizada pela manh\u00e3 no audit\u00f3rio do Tribunal de Justi\u00e7a, representam o esfor\u00e7o da Seguran\u00e7a P\u00fablica em colocar em execu\u00e7\u00e3o as diretrizes do Plano Estadual de Seguran\u00e7a P\u00fablica e Defesa Social ( Pesse). &nbsp;\u201c\u00c9 um conjunto de esfor\u00e7os que vem sendo feito sistematicamente para termos uma Seguran\u00e7a mais eficiente, atentando para aquele que \u00e9 o valor maior da seguran\u00e7a que \u00e9 o policial, estamos oferecendo boas condi\u00e7\u00f5es de trabalho e isso representa respeito e valoriza\u00e7\u00e3o\u201d. Na oportunidade, o Secret\u00e1rio e o Vice-Governador fizeram a entrega simb\u00f3lica ao delegado, Guido Camilo, das chaves de cinco novas viaturas que ser\u00e3o utilizadas no combate ao crime organizado e destinada a Divis\u00e3o Especializada de Homic\u00eddio e Prote\u00e7\u00e3o \u00e0 Pessoas (DHPPs).<\/p>\n\n\n\n<p>Para o titular da Diretoria de Repress\u00e3o \u00e0 Corrup\u00e7\u00e3o e ao Crime Organizado (Dracco), Evaldo Gomes, a nova sede da Denarc representa um progresso e une em um mesmo espa\u00e7o as demais unidades vinculadas \u00e0 Dracco: a Divis\u00e3o Especializada de Repress\u00e3o ao Crime Organizado (DEIC) e Divis\u00e3o Especializada de Homic\u00eddios e Prote\u00e7\u00e3o \u00e0 Pessoa (DHPP). \u201cEstamos gratos ao dar esse passo de progresso e reiteramos o objetivo de termos uma pol\u00edcia de ponta\u201d destacou o diretor.<\/p>\n\n\n\n<p>O titular da 1\u00aa Denarc, delegado Emerson Moura, destacou que, al\u00e9m de oferecer um espa\u00e7o mais amplo, a nova sede conta com uma entrada separada para os investigados. O Delegado ressaltou ainda que a nova sede \u00e9 um sonho realizado.<\/p>\n","protected":false},"excerpt":{"rendered":"<p>O Governo do Estado do Tocantins, por meio da Secretaria de Estado da Seguran\u00e7a P\u00fablica (SSP), iniciou a semana com duas grandes e importantes inaugura\u00e7\u00f5es em benef\u00edcio da sociedade tocantinense. A primeira, a Central de Atendimento \u00e0 Mulher 24 horas (CAM 24 horas), no Setor Santa F\u00e9, regi\u00e3o sul de Palmas, que&nbsp; j\u00e1 est\u00e1 em [&hellip;]<\/p>\n","protected":false},"author":2,"featured_media":4232,"comment_status":"open","ping_status":"open","sticky":false,"template":"","format":"standard","meta":[],"categories":[4],"tags":[],"_links":{"self":[{"href":"https:\/\/dgospel.com.br\/portal\/index.php\/wp-json\/wp\/v2\/posts\/4231"}],"collection":[{"href":"https:\/\/dgospel.com.br\/portal\/index.php\/wp-json\/wp\/v2\/posts"}],"about":[{"href":"https:\/\/dgospel.com.br\/portal\/index.php\/wp-json\/wp\/v2\/types\/post"}],"author":[{"embeddable":true,"href":"https:\/\/dgospel.com.br\/portal\/index.php\/wp-json\/wp\/v2\/users\/2"}],"replies":[{"embeddable":true,"href":"https:\/\/dgospel.com.br\/portal\/index.php\/wp-json\/wp\/v2\/comments?post=4231"}],"version-history":[{"count":1,"href":"https:\/\/dgospel.com.br\/portal\/index.php\/wp-json\/wp\/v2\/posts\/4231\/revisions"}],"predecessor-version":[{"id":4233,"href":"https:\/\/dgospel.com.br\/portal\/index.php\/wp-json\/wp\/v2\/posts\/4231\/revisions\/4233"}],"wp:featuredmedia":[{"embeddable":true,"href":"https:\/\/dgospel.com.br\/portal\/index.php\/wp-json\/wp\/v2\/media\/4232"}],"wp:attachment":[{"href":"https:\/\/dgospel.com.br\/portal\/index.php\/wp-json\/wp\/v2\/media?parent=4231"}],"wp:term":[{"taxonomy":"category","embeddable":true,"href":"https:\/\/dgospel.com.br\/portal\/index.php\/wp-json\/wp\/v2\/categories?post=4231"},{"taxonomy":"post_tag","embeddable":true,"href":"https:\/\/dgospel.com.br\/portal\/index.php\/wp-json\/wp\/v2\/tags?post=4231"}],"curies":[{"name":"wp","href":"https:\/\/api.w.org\/{rel}","templated":true}]}}