{"id":4254,"date":"2019-11-01T12:10:49","date_gmt":"2019-11-01T14:10:49","guid":{"rendered":"http:\/\/dgospel.com.br\/portal\/?p=4254"},"modified":"2019-11-01T12:10:51","modified_gmt":"2019-11-01T14:10:51","slug":"fe-ajuda-evangelica-vencer-cancer-em-6-meses","status":"publish","type":"post","link":"https:\/\/dgospel.com.br\/portal\/index.php\/2019\/11\/01\/fe-ajuda-evangelica-vencer-cancer-em-6-meses\/","title":{"rendered":"F\u00e9 ajuda evang\u00e9lica vencer c\u00e2ncer em 6 meses"},"content":{"rendered":"\n<p>Voc\u00ea vai ler, agora, &nbsp;uma hist\u00f3ria que se repete na vida de\nmuitas mulheres. A diferen\u00e7a \u00e9 como a f\u00e9 influenciou essa hist\u00f3ria antes mesmo\nda personagem de hoje (31) imaginar pelo que passaria. Era outubro rosa e uma\nconsulta de rotina indicaria para a professora Aurileuda de Vasconcelos (43)\nque, dessa vez, algo estava diferente. \u201cA ginecologista encontrou um n\u00f3dulo que\nsegundo ela n\u00e3o era de \u00e1gua\u201d, relata. Ap\u00f3s a suspeita, o segundo exame\nrealizado confirmou a anormalidade. A retirada para an\u00e1lise do n\u00f3dulo foi feita\ne atestou: ela estava com carcinoma invasivo, um dos mais comuns c\u00e2nceres de\nmama.<\/p>\n\n\n\n<p>&nbsp;\u201cMuitos\nvinham com testemunhos de mulheres que tinham descoberto a doen\u00e7a, e que tinham\nmorrido. Eu percebia o temor das pessoas quando me olhavam. \u00c0s vezes o semblante\nde pena. Quanto aos m\u00e9dicos eu sempre deixava bem claro que eu cria na cura e\nque tudo se resolveria. \u00c0s vezes eles, nos olham meio atravessado, sem muito\nacreditar (risos)\u201d, relatou.<\/p>\n\n\n\n<p>Mas acima do pessimismo de pessoas pr\u00f3ximas e at\u00e9 do ceticismo de alguns m\u00e9dicos, estava a f\u00e9 da professora. \u201cFui consolada pelo Esp\u00edrito Santo e impulsionada a lutar pela vida\u201d, completa. Para ela, a cura era uma certeza e s\u00f3 uma quest\u00e3o de tempo. \u00a0\u201cA minha cura foi algo gradativo, cada procedimento me levava a ter mais f\u00e9 que aquela enfermidade n\u00e3o era para a morte\u201d.<\/p>\n\n\n\n<figure class=\"wp-block-embed-youtube wp-block-embed is-type-video is-provider-youtube wp-embed-aspect-16-9 wp-has-aspect-ratio\"><div class=\"wp-block-embed__wrapper\">\n<iframe loading=\"lazy\" title=\"Ela compartilhou com fam\u00edlia,m\u00e9dicos e amigos a alegria de vencer o c\u00e2ncer\" width=\"630\" height=\"354\" src=\"https:\/\/www.youtube.com\/embed\/C3aLhbKQG1s?feature=oembed\" frameborder=\"0\" allow=\"accelerometer; autoplay; encrypted-media; gyroscope; picture-in-picture\" allowfullscreen><\/iframe>\n<\/div><\/figure>\n\n\n\n<p>\u201cAo t\u00e9rmino da segunda\ncirurgia, eu j\u00e1 n\u00e3o tinha mais nada\u201d, conta a professora que nem precisou fazer\nquimioterapia. Em menos de seis meses, ela j\u00e1 havia conclu\u00eddo o processo\nradioter\u00e1pico, com direito a tocar o sino que indica a cura dos pacientes da\nCl\u00ednica Irradiar, que funciona dentro do Hospital Oncol\u00f3gico Jorge Saad.<\/p>\n\n\n\n<p>Evang\u00e9lica, da igreja Assembleia de Deus Ciadseta em Palmas, \u00c1urea recordou durante conversa com a equipe do Portal Novo Norte, um epis\u00f3dio que se deu com anteced\u00eancia ao diagn\u00f3stico,\u00a0 durante um culto, quando ela acredita ter recebido um aviso de Deus sobre o que enfrentaria. \u201cO pastor teve uma vis\u00e3o espiritual em que via um ser, semelhante a um homem, que vestia branco, e retirava algo do meu peito. Na \u00e9poca eu s\u00f3 pensei que se tratava do emocional. Mas acredito que Deus j\u00e1 estava me livrando ali \u201d, comentou.<\/p>\n\n\n\n<p>Ao final de toda essa\nhist\u00f3ria, \u00c1urea considera que sua maior cura foi \u201cemocional\u201d. \u201cEu era uma\nmulher muito ansiosa, apavorada, estressada. E no dia que li aquele exame e vi\nque eu ainda teria chance de viver, o Esp\u00edrito Santo me anestesiou e eu passei\na ver a vida com outros olhos\u201d.<\/p>\n\n\n\n<p>O psic\u00f3logo Vinicius Marinho, em disserta\u00e7\u00e3o ao Mestrado Profissional em Ci\u00eancias da Sa\u00fade da UFT traz uma an\u00e1lise dos fatores estrat\u00e9gicos utilizados por mulheres acompanhadas pela Liga Feminina de Combate ao C\u00e2ncer, em Gurupi, e destacou a f\u00e9 como determinante para o enfrentamento da doen\u00e7a por parte das entrevistadas, assim como foi com a entrevistada de hoje. \u201cVerificou-se ainda que, a partir da confirma\u00e7\u00e3o do diagn\u00f3stico de c\u00e2ncer de mama, a maioria das mulheres recorreu a Deus e a religi\u00e3o como forma de enfrentamento da doen\u00e7a e busca pela cura. A espiritualidade \u00e9 identificada como fator de prote\u00e7\u00e3o e de acordo com Sim\u00e3o et al., (2012), independente da op\u00e7\u00e3o religiosa, favorece a resili\u00eancia\u201d, aponta o estudo.\u00a0<a href=\"https:\/\/repositorio.uft.edu.br\/bitstream\/11612\/460\/1\/Vinicius%20Lopes%20Marinho%20-%20Disserta%C3%A7%C3%A3o.pdf\">Confira aqui.<\/a><\/p>\n\n\n\n<p>Fonte: portalnovonorte<\/p>\n","protected":false},"excerpt":{"rendered":"<p>Voc\u00ea vai ler, agora, &nbsp;uma hist\u00f3ria que se repete na vida de muitas mulheres. A diferen\u00e7a \u00e9 como a f\u00e9 influenciou essa hist\u00f3ria antes mesmo da personagem de hoje (31) imaginar pelo que passaria. Era outubro rosa e uma consulta de rotina indicaria para a professora Aurileuda de Vasconcelos (43) que, dessa vez, algo estava [&hellip;]<\/p>\n","protected":false},"author":2,"featured_media":4255,"comment_status":"open","ping_status":"open","sticky":false,"template":"","format":"standard","meta":[],"categories":[5],"tags":[],"_links":{"self":[{"href":"https:\/\/dgospel.com.br\/portal\/index.php\/wp-json\/wp\/v2\/posts\/4254"}],"collection":[{"href":"https:\/\/dgospel.com.br\/portal\/index.php\/wp-json\/wp\/v2\/posts"}],"about":[{"href":"https:\/\/dgospel.com.br\/portal\/index.php\/wp-json\/wp\/v2\/types\/post"}],"author":[{"embeddable":true,"href":"https:\/\/dgospel.com.br\/portal\/index.php\/wp-json\/wp\/v2\/users\/2"}],"replies":[{"embeddable":true,"href":"https:\/\/dgospel.com.br\/portal\/index.php\/wp-json\/wp\/v2\/comments?post=4254"}],"version-history":[{"count":1,"href":"https:\/\/dgospel.com.br\/portal\/index.php\/wp-json\/wp\/v2\/posts\/4254\/revisions"}],"predecessor-version":[{"id":4256,"href":"https:\/\/dgospel.com.br\/portal\/index.php\/wp-json\/wp\/v2\/posts\/4254\/revisions\/4256"}],"wp:featuredmedia":[{"embeddable":true,"href":"https:\/\/dgospel.com.br\/portal\/index.php\/wp-json\/wp\/v2\/media\/4255"}],"wp:attachment":[{"href":"https:\/\/dgospel.com.br\/portal\/index.php\/wp-json\/wp\/v2\/media?parent=4254"}],"wp:term":[{"taxonomy":"category","embeddable":true,"href":"https:\/\/dgospel.com.br\/portal\/index.php\/wp-json\/wp\/v2\/categories?post=4254"},{"taxonomy":"post_tag","embeddable":true,"href":"https:\/\/dgospel.com.br\/portal\/index.php\/wp-json\/wp\/v2\/tags?post=4254"}],"curies":[{"name":"wp","href":"https:\/\/api.w.org\/{rel}","templated":true}]}}