{"id":4260,"date":"2019-11-01T12:55:57","date_gmt":"2019-11-01T14:55:57","guid":{"rendered":"http:\/\/dgospel.com.br\/portal\/?p=4260"},"modified":"2019-11-01T12:55:58","modified_gmt":"2019-11-01T14:55:58","slug":"retomada-de-obras-em-palmas-definicao-de-liberacao-de-emprestimos-com-a-caixa-e-lancamento-do-patria-mirim-marcam-o-mes-de-outubro-no-governo","status":"publish","type":"post","link":"https:\/\/dgospel.com.br\/portal\/index.php\/2019\/11\/01\/retomada-de-obras-em-palmas-definicao-de-liberacao-de-emprestimos-com-a-caixa-e-lancamento-do-patria-mirim-marcam-o-mes-de-outubro-no-governo\/","title":{"rendered":"Retomada de obras em Palmas, defini\u00e7\u00e3o de libera\u00e7\u00e3o de empr\u00e9stimos com a Caixa e lan\u00e7amento do P\u00e1tria Mirim marcam o m\u00eas de outubro no Governo"},"content":{"rendered":"\n<p>O Governo do Tocantins segue trabalhando firme para cumprir suas metas e promover o desenvolvimento do Estado. Neste m\u00eas de outubro, diversas a\u00e7\u00f5es foram executadas pelo governador Mauro Carlesse e sua equipe em \u00e1reas estrat\u00e9gicas como a de infraestrutura, de seguran\u00e7a p\u00fablica, de meio ambiente, do turismo e da agricultura.<\/p>\n\n\n\n<p>Dentre as principais a\u00e7\u00f5es realizadas podem ser destacadas a viagem do governador Mauro Carlesse a Dubai; a festa de anivers\u00e1rio do Tocantins; a audi\u00eancia p\u00fablica para discutir a implanta\u00e7\u00e3o da rodovia Transbananal, que liga Tocantins e Mato Grosso; e a autoriza\u00e7\u00e3o para rein\u00edcio das obras de pavimenta\u00e7\u00e3o e constru\u00e7\u00e3o das habita\u00e7\u00f5es populares no Setor Jardim Taquari, em Palmas.<\/p>\n\n\n\n<p>Al\u00e9m delas, o Governo tamb\u00e9m lan\u00e7ou o plantio da safra 2019\/2020; protocolou na Assembleia Legislativa o Projeto de Lei de Diretrizes Or\u00e7ament\u00e1rias (LDO) 2020; lan\u00e7ou o programa P\u00e1tria Amada Mirim; inaugurou a Central de Atendimento \u00e0 Mulher 24 horas e a sede da 1\u00aa Divis\u00e3o Especializada de Repress\u00e3o a Narc\u00f3ticos; debateu com o Governo Federal a constru\u00e7\u00e3o de rodovia no Jalap\u00e3o; anunciou a cria\u00e7\u00e3o de um C\u00e2mpus da Unitins em Para\u00edso e o novo concurso da Pol\u00edcia Militar, al\u00e9m de finalizar os tr\u00e2mites burocr\u00e1ticos para libera\u00e7\u00e3o dos empr\u00e9stimos entre o Estado e Caixa Econ\u00f4mica Federal (CEF).<\/p>\n\n\n\n<p><strong>Primeira Quinzena de Outubro<\/strong><\/p>\n\n\n\n<p>O m\u00eas come\u00e7ou com o governador Mauro Carlesse em viagem para Dubai, onde participou de eventos e buscou investimentos para o Tocantins principalmente no setor da agricultura, ponto forte do Estado.<\/p>\n\n\n\n<p>Em Palmas, o Governo preparou uma grande festa para comemorar os 31 anos do Tocantins no dia 5 de outubro. O evento contou com shows de artistas regionais e das cantoras Maiara e Mara\u00edsa, Solange Almeida e da dupla Cleiton e Camargo. A festa, que ocorreu na Pra\u00e7a dos Girass\u00f3is, contou com pra\u00e7a de alimenta\u00e7\u00e3o e artesanato e reuniu mais de 50 mil pessoas.<\/p>\n\n\n\n<p>Entre os dias 8 e 9 de outubro, o Governador Carlesse esteve em Bras\u00edlia (DF) onde participou da VII edi\u00e7\u00e3o do F\u00f3rum Nacional de Governadores; e de reuni\u00e3o na Caixa Econ\u00f4mica Federal, com o presidente do banco, Pedro Guimar\u00e3es. Ainda na Capital federal, o Chefe do Executivo esteve presente em audi\u00eancia no Tribunal de Contas da Uni\u00e3o (TCU), onde debateu a a\u00e7\u00e3o que viabiliza os empr\u00e9stimos da Caixa para o Estado.<\/p>\n\n\n\n<p>No dia 10 de outubro, o governador Mauro Carlesse autorizou a retomada das obras de 183 unidades habitacionais para a popula\u00e7\u00e3o de baixa renda e drenagem e pavimenta\u00e7\u00e3o asf\u00e1ltica de ruas do Jardim Taquari, em Palmas. Na ocasi\u00e3o, o Chefe do Executivo Estadual tamb\u00e9m anunciou a libera\u00e7\u00e3o para o tr\u00e1fego na ponte sobre o C\u00f3rrego Taquari, uma antiga reivindica\u00e7\u00e3o da popula\u00e7\u00e3o local que facilitar\u00e1 o tr\u00e1fego dos moradores e o escoamento da produ\u00e7\u00e3o da zona rural da regi\u00e3o da Agrotins.<\/p>\n\n\n\n<p>No dia 11, foi a vez do governador Carlesse ir at\u00e9 a Fazenda Tarum\u00e3, localizada pr\u00f3ximo ao Distrito de Buritirana, para lan\u00e7ar o plantio da safra 2019\/2020 no Estado. A expectativa \u00e9 de crescimento de 5% com rela\u00e7\u00e3o \u00e0 safra anterior, de 4,8 milh\u00f5es de toneladas de gr\u00e3os.<\/p>\n\n\n\n<p>J\u00e1 no dia 12, o governador Mauro Carlesse foi com sua esposa, a primeira-dama Fernanda Carlesse, a Gurupi, onde participaram de uma comemora\u00e7\u00e3o promovida pelo Governo do Estado em alus\u00e3o ao Dia das Crian\u00e7as.<\/p>\n\n\n\n<p>Fechando a primeira quinzena de outubro, o Chefe do Executivo Estadual, juntamente com o presidente do Tribunal de Justi\u00e7a do Tocantins, desembargador Helv\u00e9cio de Brito, assinou termo de Conv\u00eanio para videoconfer\u00eancia das Audi\u00eancias do Sistema Penitenci\u00e1rio, que vai permitir a realiza\u00e7\u00e3o de audi\u00eancias criminais telepresenciais, sem que haja a necessidade de remo\u00e7\u00e3o do envolvido do seu local de origem.<\/p>\n\n\n\n<p><strong>Segunda Quinzena de Outubro<\/strong><\/p>\n\n\n\n<p>Abrindo a segunda quinzena de outubro, o secret\u00e1rio-chefe da Casa Civil, Rolf Vidal, protocolou na Assembleia Legislativa, no dia 15, o projeto da Lei de Diretrizes Or\u00e7ament\u00e1rias (LDO) para o exerc\u00edcio de 2020. A LDO de 2020 prev\u00ea receita e despesa de R$ 10,8 bilh\u00f5es, incremento de R$ 600 milh\u00f5es em rela\u00e7\u00e3o ao valor de 2019, que era de R$ 10,2 bilh\u00f5es.<\/p>\n\n\n\n<p>No dia 17 de outubro, o governador Mauro Carlesse lan\u00e7ou, em Palmas, o Programa P\u00e1tria Amada Mirim (PAM), que beneficiar\u00e1 25 mil estudantes da rede p\u00fablica de ensino em todo o Tocantins. Por meio da educa\u00e7\u00e3o ambiental, os estudantes ter\u00e3o a forma\u00e7\u00e3o cidad\u00e3 em benef\u00edcio da preserva\u00e7\u00e3o, conserva\u00e7\u00e3o e restaura\u00e7\u00e3o do meio ambiente.<\/p>\n\n\n\n<p>Retornando a Gurupi, o governador Mauro Carlesse participo, &nbsp;no dia 18 de outubro, da audi\u00eancia p\u00fablica para discutir a implanta\u00e7\u00e3o da Rodovia Transbananal, que liga Tocantins ao Mato Grosso atrav\u00e9s da Ilha do Bananal. O evento, realizado pelo Senado Federal, contou com as presen\u00e7as do ministro da infraestrutura, Tarc\u00edsio de Freitas; do presidente do Ibama, Eduardo Bim; do diretor geral do Denit, General Santos Filho, e do governador do Mato Grosso, Mauro Mendes.<\/p>\n\n\n\n<p>Com o governador Carlesse no Rio de Janeiro (RJ), no dia 21, acompanhando na sede da CPRM (Servi\u00e7o Geol\u00f3gico do Brasil), o leil\u00e3o da jazida de min\u00e9rio de Palmeir\u00f3polis, o vice-governador do Tocantins, Wanderlei Barbosa, assinou, no Pal\u00e1cio Araguaia, termo de Coopera\u00e7\u00e3o T\u00e9cnica que permite uma parceria entre o Governo do Estado e sete institui\u00e7\u00f5es p\u00fablicas e privadas para desenvolvimento de atividade de ensino, pesquisa e extens\u00e3o no Centro Agrotecnol\u00f3gico de Palmas (CAP), conhecido como Agrotins.<\/p>\n\n\n\n<p>J\u00e1 no dia 22, o Vice-governador inaugurou, em Palmas, a Central de Atendimento \u00e0 Mulher 24 horas (CAM 24 horas), que visa prestar atendimento especializado e humanizado \u00e0s mulheres v\u00edtimas de viol\u00eancia, e a 1\u00aa Divis\u00e3o Especializada de Repress\u00e3o a Narc\u00f3ticos (Denarc), que \u00e9 respons\u00e1vel pelo combate ao narcotr\u00e1fico no Estado.<\/p>\n\n\n\n<p>Em Bras\u00edlia, no dia 23, o governador Carlesse, foi recebido em audi\u00eancia pelo ministro do Turismo, Marcelo \u00c1lvaro Ant\u00f4nio, Na pauta da reuni\u00e3o estava a pavimenta\u00e7\u00e3o da rodovia de acesso ao Jalap\u00e3o e dados sobre o Turismo do Tocantins.<\/p>\n\n\n\n<p>Em sess\u00e3o solene na Assembleia Legislativa, no dia 24, para homenagear as pol\u00edcias Militar e Civil, o comandante geral da Pol\u00edcia Militar, coronel Jaizon Veras Barbosa, anunciou em seu discurso, a autoriza\u00e7\u00e3o para abertura dos processos para contrata\u00e7\u00e3o da empresa organizadora do novo concurso da PM, para ent\u00e3o lan\u00e7ar o edital.<\/p>\n\n\n\n<p>J\u00e1 no dia 25 de outubro, o governador Mauro Carlesse autorizou a implanta\u00e7\u00e3o do C\u00e2mpus da Unitins em Para\u00edso e afirmou que o Governo planeja implantar tamb\u00e9m o curso de Medicina, que dever\u00e1 funcionar em 2021.<\/p>\n\n\n\n<p>No \u00faltimo dia 29, o Governador assinou, no Pal\u00e1cio Araguaia, a Medida Provis\u00f3ria que altera as leis que instituem o Fundo de Seguran\u00e7a P\u00fablica do Estado do Tocantins (Fuspto) e o Conselho de Seguran\u00e7a P\u00fablica (Conesp). As altera\u00e7\u00f5es foram necess\u00e1rias para que o Estado possa receber os recursos do Fundo Nacional de Seguran\u00e7a P\u00fablica.<\/p>\n\n\n\n<p>Not\u00edcia muito esperada pela popula\u00e7\u00e3o, o governador Mauro Carlesse, anunciou nessa quarta-feira, 30, que a assinatura dos contratos dos dois financiamentos entre o Governo do Estado e a Caixa, ocorrer\u00e1 no pr\u00f3ximo dia 8 de novembro, \u00e0s 14 horas, no Pal\u00e1cio Araguaia.<\/p>\n\n\n\n<p>Est\u00e3o inclusos nesses empr\u00e9stimos R$ 453 milh\u00f5es que ser\u00e3o investidos em obras estruturantes, como rodovias e hospitais, e tamb\u00e9m nos 139 munic\u00edpios e os R$ 130 milh\u00f5es para a ponte de Porto Nacional, ocorreu na manh\u00e3 desta quarta-feira, 30, em Bras\u00edlia, em duas reuni\u00f5es.<\/p>\n","protected":false},"excerpt":{"rendered":"<p>O Governo do Tocantins segue trabalhando firme para cumprir suas metas e promover o desenvolvimento do Estado. Neste m\u00eas de outubro, diversas a\u00e7\u00f5es foram executadas pelo governador Mauro Carlesse e sua equipe em \u00e1reas estrat\u00e9gicas como a de infraestrutura, de seguran\u00e7a p\u00fablica, de meio ambiente, do turismo e da agricultura. Dentre as principais a\u00e7\u00f5es realizadas [&hellip;]<\/p>\n","protected":false},"author":2,"featured_media":4261,"comment_status":"open","ping_status":"open","sticky":false,"template":"","format":"standard","meta":[],"categories":[4],"tags":[],"_links":{"self":[{"href":"https:\/\/dgospel.com.br\/portal\/index.php\/wp-json\/wp\/v2\/posts\/4260"}],"collection":[{"href":"https:\/\/dgospel.com.br\/portal\/index.php\/wp-json\/wp\/v2\/posts"}],"about":[{"href":"https:\/\/dgospel.com.br\/portal\/index.php\/wp-json\/wp\/v2\/types\/post"}],"author":[{"embeddable":true,"href":"https:\/\/dgospel.com.br\/portal\/index.php\/wp-json\/wp\/v2\/users\/2"}],"replies":[{"embeddable":true,"href":"https:\/\/dgospel.com.br\/portal\/index.php\/wp-json\/wp\/v2\/comments?post=4260"}],"version-history":[{"count":1,"href":"https:\/\/dgospel.com.br\/portal\/index.php\/wp-json\/wp\/v2\/posts\/4260\/revisions"}],"predecessor-version":[{"id":4262,"href":"https:\/\/dgospel.com.br\/portal\/index.php\/wp-json\/wp\/v2\/posts\/4260\/revisions\/4262"}],"wp:featuredmedia":[{"embeddable":true,"href":"https:\/\/dgospel.com.br\/portal\/index.php\/wp-json\/wp\/v2\/media\/4261"}],"wp:attachment":[{"href":"https:\/\/dgospel.com.br\/portal\/index.php\/wp-json\/wp\/v2\/media?parent=4260"}],"wp:term":[{"taxonomy":"category","embeddable":true,"href":"https:\/\/dgospel.com.br\/portal\/index.php\/wp-json\/wp\/v2\/categories?post=4260"},{"taxonomy":"post_tag","embeddable":true,"href":"https:\/\/dgospel.com.br\/portal\/index.php\/wp-json\/wp\/v2\/tags?post=4260"}],"curies":[{"name":"wp","href":"https:\/\/api.w.org\/{rel}","templated":true}]}}