{"id":4263,"date":"2019-11-01T13:01:38","date_gmt":"2019-11-01T15:01:38","guid":{"rendered":"http:\/\/dgospel.com.br\/portal\/?p=4263"},"modified":"2019-11-01T13:01:40","modified_gmt":"2019-11-01T15:01:40","slug":"novembro-inicia-com-alerta-sobre-os-cuidados-com-saude-integral-do-homem","status":"publish","type":"post","link":"https:\/\/dgospel.com.br\/portal\/index.php\/2019\/11\/01\/novembro-inicia-com-alerta-sobre-os-cuidados-com-saude-integral-do-homem\/","title":{"rendered":"Novembro inicia com alerta sobre os cuidados com sa\u00fade integral do homem"},"content":{"rendered":"\n<p>Com a perspectiva de discutir a tem\u00e1tica do c\u00e2ncer de pr\u00f3stata, o \u201cNovembro Azul\u201d, quer ampliar o foco dos debates em 2019, se voltando \u00e0 sa\u00fade integral do homem. Nesse sentido, a Secretaria de Estado da Sa\u00fade (SES) realiza no dia 6 de novembro, \u00e0s 15 horas, uma webconfer\u00eancia a fim de orientar gestores, coordenadores e profissionais de sa\u00fade, para desenvolver a\u00e7\u00f5es acerca do tema durante o m\u00eas.&nbsp;A&nbsp;webconfer\u00eancia&nbsp;poder\u00e1 ser acessada pelo link&nbsp;<a href=\"http:\/\/www.telessaude.uft.edu.br\/bbb\/entrar-sala\/466\" target=\"_blank\" rel=\"noreferrer noopener\">http:\/\/www.telessaude.uft.edu.br\/bbb\/entrar-sala\/466<\/a><\/p>\n\n\n\n<p>Nos \u00faltimos anos, diversas a\u00e7\u00f5es e atividades relacionadas ao tema s\u00e3o desenvolvidas no Tocantins e em todo territ\u00f3rio nacional. Segundo o Minist\u00e9rio da Sa\u00fade, \u00e9 importante frisar a sa\u00fade integral do homem. Assim, deve-se ressaltar a Pol\u00edtica Nacional de Aten\u00e7\u00e3o Integral \u00e0 Sa\u00fade do Homem, institu\u00edda em 2009, que visa promover a melhoria das condi\u00e7\u00f5es de sa\u00fade da popula\u00e7\u00e3o masculina brasileira, buscando contribuir, para a redu\u00e7\u00e3o da morbidade e da mortalidade dessa popula\u00e7\u00e3o, por meio do enfrentamento dos fatores de risco e mediante a facilita\u00e7\u00e3o ao acesso, \u00e0s a\u00e7\u00f5es e aos servi\u00e7os de assist\u00eancia integral \u00e0 sa\u00fade.<\/p>\n\n\n\n<p>O gestor em sa\u00fade da \u00e1rea t\u00e9cnica de Sa\u00fade do Homem, da SES T\u00e1rley Abdalla, destacou que muitas vezes o homem tem certa resist\u00eancia ao autocuidado e a preven\u00e7\u00e3o. \u201c\u00c9 comum que os homens demorem a procurar atendimento, permitindo que os casos se agravem e ocasionando, ao final, maiores problemas e despesas para si e para o sistema de sa\u00fade, que \u00e9 obrigado a intervir nas fases mais avan\u00e7adas das doen\u00e7as\u201d, disse. &nbsp;<\/p>\n\n\n\n<p>No Tocantins, at\u00e9 o m\u00eas de outubro deste ano, j\u00e1 foram diagnosticados 136&nbsp;&nbsp;casos de c\u00e2ncer de pr\u00f3stata, em 2018, foram 250 novos casos. Em 2018 foram registrados 132 \u00f3bitos por c\u00e2ncer de pr\u00f3stata e este ano j\u00e1 foram registrados 99.<\/p>\n\n\n\n<p><strong>Suporte aos munic\u00edpios<\/strong><\/p>\n\n\n\n<p>A SES oferece todo o apoio institucional por meio de assessorias presenciais, telefone, e-mail, webconfer\u00eancia e videoconfer\u00eancia aos gestores, coordenadores e t\u00e9cnicos municipais do SUS sobre a Pol\u00edtica Nacional de Aten\u00e7\u00e3o Integral \u00e0 Sa\u00fade do Homem. S\u00e3o oferecidos os principais eixos e os instrumentos de ades\u00e3o; diagn\u00f3stico situacional; planejamento de a\u00e7\u00f5es; relat\u00f3rio de a\u00e7\u00f5es; hor\u00e1rio diferenciado de atendimento e material de apoio t\u00e9cnico como os guias de sa\u00fade do homem para Agentes Comunit\u00e1rios de Sa\u00fade (ACS) e do pr\u00e9-natal do parceiro para profissionais de sa\u00fade; cartazes e folders diversos sobre o tema.<\/p>\n","protected":false},"excerpt":{"rendered":"<p>Com a perspectiva de discutir a tem\u00e1tica do c\u00e2ncer de pr\u00f3stata, o \u201cNovembro Azul\u201d, quer ampliar o foco dos debates em 2019, se voltando \u00e0 sa\u00fade integral do homem. Nesse sentido, a Secretaria de Estado da Sa\u00fade (SES) realiza no dia 6 de novembro, \u00e0s 15 horas, uma webconfer\u00eancia a fim de orientar gestores, coordenadores [&hellip;]<\/p>\n","protected":false},"author":2,"featured_media":4264,"comment_status":"open","ping_status":"open","sticky":false,"template":"","format":"standard","meta":[],"categories":[3],"tags":[],"_links":{"self":[{"href":"https:\/\/dgospel.com.br\/portal\/index.php\/wp-json\/wp\/v2\/posts\/4263"}],"collection":[{"href":"https:\/\/dgospel.com.br\/portal\/index.php\/wp-json\/wp\/v2\/posts"}],"about":[{"href":"https:\/\/dgospel.com.br\/portal\/index.php\/wp-json\/wp\/v2\/types\/post"}],"author":[{"embeddable":true,"href":"https:\/\/dgospel.com.br\/portal\/index.php\/wp-json\/wp\/v2\/users\/2"}],"replies":[{"embeddable":true,"href":"https:\/\/dgospel.com.br\/portal\/index.php\/wp-json\/wp\/v2\/comments?post=4263"}],"version-history":[{"count":1,"href":"https:\/\/dgospel.com.br\/portal\/index.php\/wp-json\/wp\/v2\/posts\/4263\/revisions"}],"predecessor-version":[{"id":4265,"href":"https:\/\/dgospel.com.br\/portal\/index.php\/wp-json\/wp\/v2\/posts\/4263\/revisions\/4265"}],"wp:featuredmedia":[{"embeddable":true,"href":"https:\/\/dgospel.com.br\/portal\/index.php\/wp-json\/wp\/v2\/media\/4264"}],"wp:attachment":[{"href":"https:\/\/dgospel.com.br\/portal\/index.php\/wp-json\/wp\/v2\/media?parent=4263"}],"wp:term":[{"taxonomy":"category","embeddable":true,"href":"https:\/\/dgospel.com.br\/portal\/index.php\/wp-json\/wp\/v2\/categories?post=4263"},{"taxonomy":"post_tag","embeddable":true,"href":"https:\/\/dgospel.com.br\/portal\/index.php\/wp-json\/wp\/v2\/tags?post=4263"}],"curies":[{"name":"wp","href":"https:\/\/api.w.org\/{rel}","templated":true}]}}