{"id":4266,"date":"2019-11-01T13:07:28","date_gmt":"2019-11-01T15:07:28","guid":{"rendered":"http:\/\/dgospel.com.br\/portal\/?p=4266"},"modified":"2019-11-01T13:07:42","modified_gmt":"2019-11-01T15:07:42","slug":"dia-da-reforma-protestante-e-homenageado-na-camara-municipal-de-fortaleza","status":"publish","type":"post","link":"https:\/\/dgospel.com.br\/portal\/index.php\/2019\/11\/01\/dia-da-reforma-protestante-e-homenageado-na-camara-municipal-de-fortaleza\/","title":{"rendered":"Dia da Reforma Protestante \u00e9 homenageado na C\u00e2mara Municipal de Fortaleza"},"content":{"rendered":"\n<p>Na noite da \u00faltima quinta-feira (31), a C\u00e2mara Municipal de Fortaleza (CE) realizou uma sess\u00e3o solene em homenagem ao Dia da&nbsp;<strong><a href=\"https:\/\/guiame.com.br\/gospel\/mundo-cristao\/reforma-protestante-10-diferencas-entre-martinho-lutero-e-joao-calvino.html\">Reforma Protestante<\/a><\/strong>, pelos 502 anos do acontecimento hist\u00f3rico. A solenidade aconteceu no plen\u00e1rio vereador Fausto Arruda e foi proposta pelo vereador Gardel Rolim (PDT), por meio do requerimento 5152\/2019.<\/p>\n\n\n\n<p>A sess\u00e3o foi presidida pelo pr\u00f3prio vereador que solicitou a realiza\u00e7\u00e3o da homenagem, no ato representando o presidente da C\u00e2mara, Ant\u00f4nio Henrique (PDT).<\/p>\n\n\n\n<p>A mesa de honra foi composta por In\u00eas Helena Ribeiro, t\u00e9cnica da Secretaria de Educa\u00e7\u00e3o do Munic\u00edpio, representando a secret\u00e1ria Dalila Saldanha; Pastor Salom\u00e3o Liberato, representando a Ormece (Ordem de Ministros Evang\u00e9licos do Cear\u00e1); Pastor Ricardo R\u00e9gis, representando a Igreja Presbiteriana do Brasil; Pastor Eraldo, representando a Sociedade B\u00edblica do Brasil; Pastor Cleiton Pimentel, representando a Igreja Congregacional.<\/p>\n\n\n\n<p>Gardel Rolim destacou j\u00e1 em sua sauda\u00e7\u00e3o, a relev\u00e2ncia da Reforma Protestante, n\u00e3o somente para o crescimento espiritual do ser humano, mas tamb\u00e9m como um marco hist\u00f3rico na sociedade como um todo.<\/p>\n\n\n\n<p>&#8220;Ap\u00f3s o sofrimento de Jesus na cruz, a reforma foi o evento mais importante da humanidade. Viemos aqui louvar a Deus. As \u00faltimas semanas de lutas, de batalhas, foram \u00e1rduas, pois travamos uma batalha espiritual e n\u00e3o por coincid\u00eancia, hoje tivemos vit\u00f3rias importantes nessa casa. Estamos aqui para cultuar nosso Deus, e dizer que esse plen\u00e1rio vai receber o povo de Deus para louvar e agradecer. E para dizer que a Reforma \u00e9 muito importante em nossa vida, pois foi com base nela que constru\u00edmos nossa f\u00e9. Ela transformou n\u00e3o s\u00f3 a vida de quem estava dentro dos muros da igreja, mas formou a sociedade que vivemos hoje&#8221;, afirmou.<\/p>\n\n\n\n<p>&#8220;Cristo morreu por todos, dos mais ricos aos mais pobres. Eu que tenho uma forma\u00e7\u00e3o crist\u00e3 evang\u00e9lica, reformada, nasci e me criei na Igreja Presbiteriana. Fiquei surpreendido com a presen\u00e7a dos meus pais que n\u00e3o estavam no Cear\u00e1, agrade\u00e7o a Deus, pois foi por eles que aprendi a caminhar na Igreja. Foi l\u00e1 que me batizei, me formei, fui professor da escola dominical. Tudo aquilo foi que me trouxe at\u00e9 aqui&#8221;, acrescentou.<\/p>\n\n\n\n<p>Na ocasi\u00e3o, o pastor Ricardo R\u00e9gis, da Igreja Presbiteriana da Aldeota fez uma ora\u00e7\u00e3o e teve a oportunidade de expor uma mensagem b\u00edblica.<\/p>\n\n\n\n<p>&#8220;Deus amou o mundo de tal maneira que deu seu filho unig\u00eanito para que todo aquele que nele cr\u00ea n\u00e3o pere\u00e7a, mas tenha vida eterna. Quando Nicodemos procurou Jesus n\u00e3o sabia que ouviria o milagre do novo nascimento. Jesus disse a Nicodemos que ele precisava nascer de novo, mas n\u00e3o o biol\u00f3gico e sim o nascimento espiritual. Daquela conversa nasceu a palavra \u00e1urea de toda escritura. Quinze s\u00e9culos depois, uma igreja de homens e mulheres sempre carentes de Deus, n\u00e3o era imune as heresias, aos desvios teol\u00f3gicos e pr\u00e1ticas. Estava mergulhada em trevas profundas, longe das escrituras. Pois aquela Igreja cometeu terr\u00edveis erros que a mergulharam em trevas sombrias&#8221;, afirmou.<\/p>\n\n\n\n<p>O pastor tamb\u00e9m refor\u00e7ou o car\u00e1ter de resgate dos valores b\u00edblicos que tanto d\u00e1 significado \u00e0 Reforma Protestante.<\/p>\n\n\n\n<p>&#8220;Mas Deus que zela por sua Igreja e n\u00e3o a abandona. Homens enfrentaram o clero para que a igreja retornasse aos fundamentos e princ\u00edpios que ela precisava. No dia 31 de outubro se abria um novo ciclo, mas foi um referencial de uma mudan\u00e7a que vinha acontecendo na Igreja. Ap\u00f3s a luta de tantos, 502 anos depois vemos hoje uma nova igreja, longe do paganismo. Estamos aqui reunidos com tantas express\u00f5es evang\u00e9licas. Muitos nem gostam de ser chamados de evang\u00e9licos, mas o evang\u00e9lico foi ao primeiro t\u00edtulo dado a quem aderiu a reforma. Temos que ter o orgulho santo de sermos evang\u00e9licos&#8221;, destacou. Em seguida houve a apresenta\u00e7\u00e3o do Coral Vozes do Cear\u00e1, que tem a dire\u00e7\u00e3o de Marister Frota Prado e re\u00fane fi\u00e9is de 10 igrejas do Cear\u00e1.<\/p>\n\n\n\n<p>Ap\u00f3s a prega\u00e7\u00e3o do pastor Ricardo, foram entregues certificado e uma B\u00edblia comemorativa a pastores que estiveram presentes, como s\u00edmbolo do reconhecimento pelo trabalho que a Igreja vem realizando junto \u00e0 sociedade e a representa\u00e7\u00e3o dos valores b\u00edblicos resgatados pela Reforma Protestante ap\u00f3s 502 anos do acontecimento hist\u00f3rico.<\/p>\n\n\n\n<p>Os homenageados foram: pastor Francisco Paix\u00e3o Bezerra Cordeiro, da Ordem dos Ministros do Cear\u00e1; Pastor Eraldo Nascimento Feitosa, da Sociedade B\u00edblica Brasileira; Pastor Marcos Vieira Monteiro, Primeira Igreja Batista Brasileira; Pastor Danilo Freitas Fernandes, Miss\u00e3o Evang\u00e9lica Pentecostal do Brasil; Pastor Jo\u00e3o Alves Filho, Semin\u00e1rio e Instituto B\u00edblico Maranata; Pastor Sonienson Pereira Roque, Igreja Wesleyana; Pastor Othoniel Silva Martins,&nbsp;<strong><a href=\"https:\/\/guiame.com.br\/gospel\/videos\/em-meio-ataques-de-faccoes-igreja-levanta-clamor-pedimos-paz-sobre-o-ceara.html\">Igreja Presbiteriana Central de Fortaleza<\/a><\/strong>; pastor Expedito Batista Filho, Igreja Crist\u00e3 Evang\u00e9lica do Brasil; pastor Arnaldo Hoffman Filho, da Igreja Luterana;, Marcos S\u00e9rgio Pinheiro de Oliveira; Conven\u00e7\u00e3o de Igrejas e Ministros Gileade; Ezequias Torquato Freitas, da Comunidade Esperan\u00e7a.<\/p>\n\n\n\n<p>Com mais de 60 anos de minist\u00e9rio, o pastor Othoniel Martins falou em nome dos homenageados e destacou a coragem de Martinho Lutero e de seus companheiros, que enfrentaram poderosos de sua \u00e9poca para resgatar os valores b\u00edblicos no cristianismo.<\/p>\n\n\n\n<p>Clique no v\u00eddeo abaixo para conferir a solenidade completa:<\/p>\n\n\n\n<figure class=\"wp-block-embed-youtube wp-block-embed is-type-video is-provider-youtube wp-embed-aspect-16-9 wp-has-aspect-ratio\"><div class=\"wp-block-embed__wrapper\">\n<iframe loading=\"lazy\" title=\"Homenagem ao Dia da Reforma Protestante (31\/10\/2019)\" width=\"630\" height=\"354\" src=\"https:\/\/www.youtube.com\/embed\/jkWvvf-X9PM?feature=oembed\" frameborder=\"0\" allow=\"accelerometer; autoplay; encrypted-media; gyroscope; picture-in-picture\" allowfullscreen><\/iframe>\n<\/div><\/figure>\n\n\n\n<p>\n\nFONTE: GUIAME, COM INFORMA\u00c7\u00d5ES DA C\u00c2MARA MUNICIPAL DE FORTALEZA\n\n<\/p>\n","protected":false},"excerpt":{"rendered":"<p>Na noite da \u00faltima quinta-feira (31), a C\u00e2mara Municipal de Fortaleza (CE) realizou uma sess\u00e3o solene em homenagem ao Dia da&nbsp;Reforma Protestante, pelos 502 anos do acontecimento hist\u00f3rico. A solenidade aconteceu no plen\u00e1rio vereador Fausto Arruda e foi proposta pelo vereador Gardel Rolim (PDT), por meio do requerimento 5152\/2019. A sess\u00e3o foi presidida pelo pr\u00f3prio [&hellip;]<\/p>\n","protected":false},"author":2,"featured_media":4267,"comment_status":"open","ping_status":"open","sticky":false,"template":"","format":"standard","meta":[],"categories":[8,5,6],"tags":[],"_links":{"self":[{"href":"https:\/\/dgospel.com.br\/portal\/index.php\/wp-json\/wp\/v2\/posts\/4266"}],"collection":[{"href":"https:\/\/dgospel.com.br\/portal\/index.php\/wp-json\/wp\/v2\/posts"}],"about":[{"href":"https:\/\/dgospel.com.br\/portal\/index.php\/wp-json\/wp\/v2\/types\/post"}],"author":[{"embeddable":true,"href":"https:\/\/dgospel.com.br\/portal\/index.php\/wp-json\/wp\/v2\/users\/2"}],"replies":[{"embeddable":true,"href":"https:\/\/dgospel.com.br\/portal\/index.php\/wp-json\/wp\/v2\/comments?post=4266"}],"version-history":[{"count":1,"href":"https:\/\/dgospel.com.br\/portal\/index.php\/wp-json\/wp\/v2\/posts\/4266\/revisions"}],"predecessor-version":[{"id":4268,"href":"https:\/\/dgospel.com.br\/portal\/index.php\/wp-json\/wp\/v2\/posts\/4266\/revisions\/4268"}],"wp:featuredmedia":[{"embeddable":true,"href":"https:\/\/dgospel.com.br\/portal\/index.php\/wp-json\/wp\/v2\/media\/4267"}],"wp:attachment":[{"href":"https:\/\/dgospel.com.br\/portal\/index.php\/wp-json\/wp\/v2\/media?parent=4266"}],"wp:term":[{"taxonomy":"category","embeddable":true,"href":"https:\/\/dgospel.com.br\/portal\/index.php\/wp-json\/wp\/v2\/categories?post=4266"},{"taxonomy":"post_tag","embeddable":true,"href":"https:\/\/dgospel.com.br\/portal\/index.php\/wp-json\/wp\/v2\/tags?post=4266"}],"curies":[{"name":"wp","href":"https:\/\/api.w.org\/{rel}","templated":true}]}}