{"id":4278,"date":"2019-11-06T10:41:20","date_gmt":"2019-11-06T12:41:20","guid":{"rendered":"http:\/\/dgospel.com.br\/portal\/?p=4278"},"modified":"2019-11-06T10:41:22","modified_gmt":"2019-11-06T12:41:22","slug":"congresso-de-jovens-da-ad-agua-viva-impacta-congressistas-em-palmas","status":"publish","type":"post","link":"https:\/\/dgospel.com.br\/portal\/index.php\/2019\/11\/06\/congresso-de-jovens-da-ad-agua-viva-impacta-congressistas-em-palmas\/","title":{"rendered":"Congresso de jovens da AD \u00c1gua Viva impacta congressistas em Palmas"},"content":{"rendered":"\n<p><\/p>\n\n\n\n<figure class=\"wp-block-image\"><img loading=\"lazy\" width=\"1024\" height=\"768\" src=\"http:\/\/dgospel.com.br\/portal\/wp-content\/uploads\/2019\/11\/2b3fdd04-14ef-4686-9696-f70a8e7b1947-1-1024x768.jpg\" alt=\"\" class=\"wp-image-4281\" srcset=\"https:\/\/dgospel.com.br\/portal\/wp-content\/uploads\/2019\/11\/2b3fdd04-14ef-4686-9696-f70a8e7b1947-1-1024x768.jpg 1024w, https:\/\/dgospel.com.br\/portal\/wp-content\/uploads\/2019\/11\/2b3fdd04-14ef-4686-9696-f70a8e7b1947-1-300x225.jpg 300w, https:\/\/dgospel.com.br\/portal\/wp-content\/uploads\/2019\/11\/2b3fdd04-14ef-4686-9696-f70a8e7b1947-1-768x576.jpg 768w, https:\/\/dgospel.com.br\/portal\/wp-content\/uploads\/2019\/11\/2b3fdd04-14ef-4686-9696-f70a8e7b1947-1.jpg 1152w\" sizes=\"(max-width: 1024px) 100vw, 1024px\" \/><\/figure>\n\n\n\n<p>Muito louvor, avivamento e ministra\u00e7\u00e3o da palavra de Deus\nmarcaram o 12\u00b0 Congresso de Jovens da Assembleia de Deus \u00c1gua Viva (CONVIVA),\ncujo tema foi inspirado em Matheus 16.16: \u2018 Cristo, filho do Deus Vivo\u2019. O\nevento foi realizado durante os dias 2 e 3 de novembro e reuniu centenas de fi\u00e9is\nno templo sede, na capital Palmas. <\/p>\n\n\n\n<figure class=\"wp-block-image\"><img loading=\"lazy\" width=\"1024\" height=\"768\" src=\"http:\/\/dgospel.com.br\/portal\/wp-content\/uploads\/2019\/11\/3cd42471-0727-40f8-9f07-b825ae32c04b-1024x768.jpg\" alt=\"\" class=\"wp-image-4280\" srcset=\"https:\/\/dgospel.com.br\/portal\/wp-content\/uploads\/2019\/11\/3cd42471-0727-40f8-9f07-b825ae32c04b-1024x768.jpg 1024w, https:\/\/dgospel.com.br\/portal\/wp-content\/uploads\/2019\/11\/3cd42471-0727-40f8-9f07-b825ae32c04b-300x225.jpg 300w, https:\/\/dgospel.com.br\/portal\/wp-content\/uploads\/2019\/11\/3cd42471-0727-40f8-9f07-b825ae32c04b-768x576.jpg 768w, https:\/\/dgospel.com.br\/portal\/wp-content\/uploads\/2019\/11\/3cd42471-0727-40f8-9f07-b825ae32c04b.jpg 1152w\" sizes=\"(max-width: 1024px) 100vw, 1024px\" \/><\/figure>\n\n\n\n<p>O Conviva teve a participa\u00e7\u00e3o de diversos adoradores locais e de outros munic\u00edpios como o Minist\u00e9rio de Louvor Mundial em Chamas, Minist\u00e9rio de louvor Peniel, Coral \u00c1gua Viva, Cantor Alex Silva, Dupla Idenir e Edineia, Banda \u00c1gua Viva e Cantora Mar\u00edli, j\u00e1 a ministra\u00e7\u00e3o foi conduzida pelos jovens pregadores Evangelista Divino Wallison e Pb. Christopher Rocha.<\/p>\n\n\n\n<p><\/p>\n\n\n\n<figure class=\"wp-block-image\"><img loading=\"lazy\" width=\"1024\" height=\"690\" src=\"http:\/\/dgospel.com.br\/portal\/wp-content\/uploads\/2019\/11\/7ab3165c-984f-4fe1-a29c-f92dc71a3c88-1024x690.jpg\" alt=\"\" class=\"wp-image-4283\" srcset=\"https:\/\/dgospel.com.br\/portal\/wp-content\/uploads\/2019\/11\/7ab3165c-984f-4fe1-a29c-f92dc71a3c88-1024x690.jpg 1024w, https:\/\/dgospel.com.br\/portal\/wp-content\/uploads\/2019\/11\/7ab3165c-984f-4fe1-a29c-f92dc71a3c88-300x202.jpg 300w, https:\/\/dgospel.com.br\/portal\/wp-content\/uploads\/2019\/11\/7ab3165c-984f-4fe1-a29c-f92dc71a3c88-768x517.jpg 768w, https:\/\/dgospel.com.br\/portal\/wp-content\/uploads\/2019\/11\/7ab3165c-984f-4fe1-a29c-f92dc71a3c88.jpg 1280w\" sizes=\"(max-width: 1024px) 100vw, 1024px\" \/><\/figure>\n\n\n\n<p>Segundo os l\u00edderes de juventude, Fernando, Erika, Sara e Esdras, o congresso pode alcan\u00e7ar vidas, aperfei\u00e7oar o conhecimento crist\u00e3o e edificar os participantes atrav\u00e9s dos louvores e da ministra\u00e7\u00e3o da palavra de Deus.<\/p>\n\n\n\n<p><\/p>\n\n\n\n<figure class=\"wp-block-image\"><img loading=\"lazy\" width=\"1024\" height=\"882\" src=\"http:\/\/dgospel.com.br\/portal\/wp-content\/uploads\/2019\/11\/4abc386e-08b8-4015-90d9-c2bcc1620736-1024x882.jpg\" alt=\"\" class=\"wp-image-4282\" srcset=\"https:\/\/dgospel.com.br\/portal\/wp-content\/uploads\/2019\/11\/4abc386e-08b8-4015-90d9-c2bcc1620736-1024x882.jpg 1024w, https:\/\/dgospel.com.br\/portal\/wp-content\/uploads\/2019\/11\/4abc386e-08b8-4015-90d9-c2bcc1620736-300x259.jpg 300w, https:\/\/dgospel.com.br\/portal\/wp-content\/uploads\/2019\/11\/4abc386e-08b8-4015-90d9-c2bcc1620736-768x662.jpg 768w, https:\/\/dgospel.com.br\/portal\/wp-content\/uploads\/2019\/11\/4abc386e-08b8-4015-90d9-c2bcc1620736.jpg 1280w\" sizes=\"(max-width: 1024px) 100vw, 1024px\" \/><\/figure>\n\n\n\n<p>A Assembleia de Deus \u00c1gua Viva tem 13 anos e \u00e9 presidida\npelos seus fundadores, Pr. Roodvan Sales e Pra. Diva Sales, que conduzem a\nIgreja com muita&nbsp; sabedoria,\nmaestria&nbsp; e amor \u00e0 Obra de Deus.<\/p>\n","protected":false},"excerpt":{"rendered":"<p>Muito louvor, avivamento e ministra\u00e7\u00e3o da palavra de Deus marcaram o 12\u00b0 Congresso de Jovens da Assembleia de Deus \u00c1gua Viva (CONVIVA), cujo tema foi inspirado em Matheus 16.16: \u2018 Cristo, filho do Deus Vivo\u2019. O evento foi realizado durante os dias 2 e 3 de novembro e reuniu centenas de fi\u00e9is no templo sede, [&hellip;]<\/p>\n","protected":false},"author":2,"featured_media":4279,"comment_status":"open","ping_status":"open","sticky":false,"template":"","format":"standard","meta":[],"categories":[3,5],"tags":[],"_links":{"self":[{"href":"https:\/\/dgospel.com.br\/portal\/index.php\/wp-json\/wp\/v2\/posts\/4278"}],"collection":[{"href":"https:\/\/dgospel.com.br\/portal\/index.php\/wp-json\/wp\/v2\/posts"}],"about":[{"href":"https:\/\/dgospel.com.br\/portal\/index.php\/wp-json\/wp\/v2\/types\/post"}],"author":[{"embeddable":true,"href":"https:\/\/dgospel.com.br\/portal\/index.php\/wp-json\/wp\/v2\/users\/2"}],"replies":[{"embeddable":true,"href":"https:\/\/dgospel.com.br\/portal\/index.php\/wp-json\/wp\/v2\/comments?post=4278"}],"version-history":[{"count":1,"href":"https:\/\/dgospel.com.br\/portal\/index.php\/wp-json\/wp\/v2\/posts\/4278\/revisions"}],"predecessor-version":[{"id":4284,"href":"https:\/\/dgospel.com.br\/portal\/index.php\/wp-json\/wp\/v2\/posts\/4278\/revisions\/4284"}],"wp:featuredmedia":[{"embeddable":true,"href":"https:\/\/dgospel.com.br\/portal\/index.php\/wp-json\/wp\/v2\/media\/4279"}],"wp:attachment":[{"href":"https:\/\/dgospel.com.br\/portal\/index.php\/wp-json\/wp\/v2\/media?parent=4278"}],"wp:term":[{"taxonomy":"category","embeddable":true,"href":"https:\/\/dgospel.com.br\/portal\/index.php\/wp-json\/wp\/v2\/categories?post=4278"},{"taxonomy":"post_tag","embeddable":true,"href":"https:\/\/dgospel.com.br\/portal\/index.php\/wp-json\/wp\/v2\/tags?post=4278"}],"curies":[{"name":"wp","href":"https:\/\/api.w.org\/{rel}","templated":true}]}}