{"id":428,"date":"2018-06-02T00:37:06","date_gmt":"2018-06-02T03:37:06","guid":{"rendered":"http:\/\/dgospel.com.br\/portal\/?p=428"},"modified":"2018-06-02T00:39:25","modified_gmt":"2018-06-02T03:39:25","slug":"cgadb-adere-a-campanha-de-oracao-pela-seguranca-publica","status":"publish","type":"post","link":"https:\/\/dgospel.com.br\/portal\/index.php\/2018\/06\/02\/cgadb-adere-a-campanha-de-oracao-pela-seguranca-publica\/","title":{"rendered":"CGADB adere \u00e0 campanha de ora\u00e7\u00e3o pela Seguran\u00e7a P\u00fablica"},"content":{"rendered":"<p>Pela segunda vez em menos de 30 dias, o Ministro da Seguran\u00e7a P\u00fablica, Raul Jungmann, se reuniu com as lideran\u00e7as religiosas do pa\u00eds, para propor o lan\u00e7amento de uma Campanha de Ora\u00e7\u00e3o em favor da seguran\u00e7a no pa\u00eds. O pastor Jos\u00e9 Wellington Costa Junior, presidente da Conven\u00e7\u00e3o Geral das Assembleias de Deus no Brasil (CGADB) foi representado no encontro pelo capel\u00e3o e pastor Agostinho Gomes da Silva Filho, presidente do Conselho de Capelania da CGADB. As reuni\u00f5es aconteceram nos dias 30 de abril e 22 de maio.<\/p>\n<p>O pastor e capel\u00e3o Agostinho Gomes esteve em Bras\u00edlia acompanhado de sua esposa, Silvia Regina Gomes, assistente social e presidente do Concafe (Comit\u00ea Nacional de Capelania Feminina). Agostinho manifestou todo o apoio da CGADB \u00e0 Campanha de Ora\u00e7\u00e3o. \u201cDaremos apoio irrestrito \u00e0 Campanha como primeiro passo para a estrutura\u00e7\u00e3o e concretiza\u00e7\u00e3o das a\u00e7\u00f5es ora propostas\u201d.<\/p>\n<p>Durante a reuni\u00e3o, o pastor Agostinho fez sugest\u00f5es ao governo.\u00a0 \u201c\u00c9 necess\u00e1rio promover a normatiza\u00e7\u00e3o das a\u00e7\u00f5es da Capelania nos pres\u00eddios, agentes de autoridades de seguran\u00e7a e junto \u00e0 comunidade para que todo o nosso empenho e trabalho n\u00e3o se perca\u201d, disse Agostinho.<\/p>\n<p>Ao t\u00e9rmino da reuni\u00e3o, as partes concordaram com a realiza\u00e7\u00e3o da Campanha que ocorrer\u00e1 em v\u00e1rias igrejas e grupos religiosos pelo Brasil, entre os dias 3 a 10 de junho. Dentro da proposta do ministro, a Campanha contempla tr\u00eas eixos: ora\u00e7\u00e3o, visitas e a\u00e7\u00f5es sociais:<\/p>\n<p>1.\u00a0\u00a0 \u00a0O primeiro eixo, ora\u00e7\u00e3o, elenca os seguintes motivos: Por uma cultura de paz, de amor ao pr\u00f3ximo e de valoriza\u00e7\u00e3o da vida; pelo fortalecimento e prote\u00e7\u00e3o das fam\u00edlias; pelo consolo \u00e0s v\u00edtimas da viol\u00eancia; pela transforma\u00e7\u00e3o da mentalidade que leva ao crime; pelo fortalecimento dos valores e princ\u00edpios de honestidade e solidariedade; pelos policiais, agentes e autoridades de seguran\u00e7a; pelos volunt\u00e1rios e capelanias; pela preserva\u00e7\u00e3o e desenvolvimento da juventude; pela vit\u00f3ria no combate \u00e0s drogas.<\/p>\n<p>2.\u00a0\u00a0 \u00a0O segundo se constitui na realiza\u00e7\u00e3o de visitas pela Seguran\u00e7a Comunit\u00e1ria de modo a incentivar os l\u00edderes de igrejas e comunidades religiosas a visitarem quart\u00e9is de pol\u00edcias e de bombeiros militares e delegacias de seus bairros, e convidarem seus agentes a visitar e proferir palestras sobre seguran\u00e7a em igrejas, templos e espa\u00e7os de culto.<\/p>\n<p>3.\u00a0\u00a0 \u00a0Divulgar e apoiar as a\u00e7\u00f5es sociais das igrejas e comunidades religiosas nas \u00e1reas de ressocializa\u00e7\u00e3o dos egressos do sistema prisional, educa\u00e7\u00e3o e trabalho de jovens e presos e apoio \u00e0s fam\u00edlias em comunidades fr\u00e1geis do ponto de vista socioecon\u00f4mico, com \u00eanfase nos munic\u00edpios com maior incid\u00eancia da viol\u00eancia.<\/p>\n<p><strong>Fonte: Conselho de Capelania da CGADB<\/strong><\/p>\n","protected":false},"excerpt":{"rendered":"<p>Pela segunda vez em menos de 30 dias, o Ministro da Seguran\u00e7a P\u00fablica, Raul Jungmann, se reuniu com as lideran\u00e7as religiosas do pa\u00eds, para propor o lan\u00e7amento de uma Campanha de Ora\u00e7\u00e3o em favor da seguran\u00e7a no pa\u00eds. O pastor Jos\u00e9 Wellington Costa Junior, presidente da Conven\u00e7\u00e3o Geral das Assembleias de Deus no Brasil (CGADB) [&hellip;]<\/p>\n","protected":false},"author":2,"featured_media":429,"comment_status":"open","ping_status":"open","sticky":false,"template":"","format":"standard","meta":[],"categories":[2,10,5],"tags":[],"_links":{"self":[{"href":"https:\/\/dgospel.com.br\/portal\/index.php\/wp-json\/wp\/v2\/posts\/428"}],"collection":[{"href":"https:\/\/dgospel.com.br\/portal\/index.php\/wp-json\/wp\/v2\/posts"}],"about":[{"href":"https:\/\/dgospel.com.br\/portal\/index.php\/wp-json\/wp\/v2\/types\/post"}],"author":[{"embeddable":true,"href":"https:\/\/dgospel.com.br\/portal\/index.php\/wp-json\/wp\/v2\/users\/2"}],"replies":[{"embeddable":true,"href":"https:\/\/dgospel.com.br\/portal\/index.php\/wp-json\/wp\/v2\/comments?post=428"}],"version-history":[{"count":1,"href":"https:\/\/dgospel.com.br\/portal\/index.php\/wp-json\/wp\/v2\/posts\/428\/revisions"}],"predecessor-version":[{"id":430,"href":"https:\/\/dgospel.com.br\/portal\/index.php\/wp-json\/wp\/v2\/posts\/428\/revisions\/430"}],"wp:featuredmedia":[{"embeddable":true,"href":"https:\/\/dgospel.com.br\/portal\/index.php\/wp-json\/wp\/v2\/media\/429"}],"wp:attachment":[{"href":"https:\/\/dgospel.com.br\/portal\/index.php\/wp-json\/wp\/v2\/media?parent=428"}],"wp:term":[{"taxonomy":"category","embeddable":true,"href":"https:\/\/dgospel.com.br\/portal\/index.php\/wp-json\/wp\/v2\/categories?post=428"},{"taxonomy":"post_tag","embeddable":true,"href":"https:\/\/dgospel.com.br\/portal\/index.php\/wp-json\/wp\/v2\/tags?post=428"}],"curies":[{"name":"wp","href":"https:\/\/api.w.org\/{rel}","templated":true}]}}